{"id":1064,"date":"2017-02-09T11:01:58","date_gmt":"2017-02-09T14:01:58","guid":{"rendered":"http:\/\/newstruckpad.wpengine.com\/?p=1064"},"modified":"2017-02-09T11:02:11","modified_gmt":"2017-02-09T14:02:11","slug":"1064","status":"publish","type":"post","link":"https:\/\/news.truckpad.com.br\/?p=1064","title":{"rendered":"Regi\u00e3o metropolitana de S\u00e3o Paulo tem as restri\u00e7\u00f5es de circula\u00e7\u00e3o de caminh\u00f5es mais complicadas"},"content":{"rendered":"<p>Pesquisa da Diretoria de Especialidade de Abastecimento e Distribui\u00e7\u00e3o do SETCESP com apoio do IPTC (Instituto Paulista de Transporte de Cargas) revelou que cerca de 46% dos munic\u00edpios da regi\u00e3o metropolitana de S\u00e3o Paulo possuem restri\u00e7\u00f5es \u00e0 circula\u00e7\u00e3o de ve\u00edculos de carga.<\/p>\n<p>Outro dado identificado no levantamento diz respeito aos hor\u00e1rios, que n\u00e3o seguem um padr\u00e3o entre os munic\u00edpios da regi\u00e3o e, t\u00e3o pouco, uniformiza\u00e7\u00e3o com rela\u00e7\u00e3o as dimens\u00f5es m\u00e1ximas permitidas para o uso dos ve\u00edculos urbanos de carga (VUCs).<\/p>\n<p>Para Tayguara Helou, presidente do SETCESP, a falta de padroniza\u00e7\u00e3o das dimens\u00f5es e das restri\u00e7\u00f5es de circula\u00e7\u00e3o dos ve\u00edculos de carga em toda a regi\u00e3o metropolitana e a multiplica\u00e7\u00e3o dos ve\u00edculos utilit\u00e1rios leves, que individualizam o transporte de carga ao inv\u00e9s de coletiviz\u00e1-lo, s\u00e3o apontadas como fatores de complica\u00e7\u00e3o para o abastecimento urbano nas cidades e o aumento dos engarrafamentos.<\/p>\n<p>Fonte: <a href=\"http:\/\/www.ocarreteiro.com.br\/regiao-metropolitana-de-sao-paulo-tem-as-restricoes-de-circulacao-de-caminhoes-mais-complicadas\/\">Portal o Carreteiro<\/a><\/p>\n","protected":false},"excerpt":{"rendered":"<p>Pesquisa da Diretoria de Especialidade de Abastecimento e Distribui\u00e7\u00e3o do SETCESP com apoio do IPTC (Instituto Paulista de Transporte de Cargas) revelou que cerca de 46% dos munic\u00edpios da regi\u00e3o metropolitana de S\u00e3o Paulo possuem restri\u00e7\u00f5es \u00e0 circula\u00e7\u00e3o de ve\u00edculos de carga. Outro dado identificado no levantamento diz respeito aos hor\u00e1rios, que n\u00e3o seguem um &hellip; <a href=\"https:\/\/news.truckpad.com.br\/?p=1064\" class=\"more-link\">Continue lendo <span class=\"screen-reader-text\">Regi\u00e3o metropolitana de S\u00e3o Paulo tem as restri\u00e7\u00f5es de circula\u00e7\u00e3o de caminh\u00f5es mais complicadas<\/span> <span class=\"meta-nav\">&rarr;<\/span><\/a><\/p>\n","protected":false},"author":6,"featured_media":1065,"comment_status":"open","ping_status":"open","sticky":false,"template":"","format":"standard","meta":{"footnotes":""},"categories":[5,7,3],"tags":[205,513],"class_list":["post-1064","post","type-post","status-publish","format-standard","has-post-thumbnail","hentry","category-estradas","category-legislacao","category-noticia","tag-areas-de-restricao","tag-restricao-de-circulacao"],"_links":{"self":[{"href":"https:\/\/news.truckpad.com.br\/index.php?rest_route=\/wp\/v2\/posts\/1064","targetHints":{"allow":["GET"]}}],"collection":[{"href":"https:\/\/news.truckpad.com.br\/index.php?rest_route=\/wp\/v2\/posts"}],"about":[{"href":"https:\/\/news.truckpad.com.br\/index.php?rest_route=\/wp\/v2\/types\/post"}],"author":[{"embeddable":true,"href":"https:\/\/news.truckpad.com.br\/index.php?rest_route=\/wp\/v2\/users\/6"}],"replies":[{"embeddable":true,"href":"https:\/\/news.truckpad.com.br\/index.php?rest_route=%2Fwp%2Fv2%2Fcomments&post=1064"}],"version-history":[{"count":0,"href":"https:\/\/news.truckpad.com.br\/index.php?rest_route=\/wp\/v2\/posts\/1064\/revisions"}],"wp:featuredmedia":[{"embeddable":true,"href":"https:\/\/news.truckpad.com.br\/index.php?rest_route=\/wp\/v2\/media\/1065"}],"wp:attachment":[{"href":"https:\/\/news.truckpad.com.br\/index.php?rest_route=%2Fwp%2Fv2%2Fmedia&parent=1064"}],"wp:term":[{"taxonomy":"category","embeddable":true,"href":"https:\/\/news.truckpad.com.br\/index.php?rest_route=%2Fwp%2Fv2%2Fcategories&post=1064"},{"taxonomy":"post_tag","embeddable":true,"href":"https:\/\/news.truckpad.com.br\/index.php?rest_route=%2Fwp%2Fv2%2Ftags&post=1064"}],"curies":[{"name":"wp","href":"https:\/\/api.w.org\/{rel}","templated":true}]}}