{"id":1182,"date":"2017-03-15T12:04:51","date_gmt":"2017-03-15T15:04:51","guid":{"rendered":"http:\/\/newstruckpad.wpengine.com\/?p=1182"},"modified":"2017-03-15T12:04:51","modified_gmt":"2017-03-15T15:04:51","slug":"bombeira-e-unica-mulher-a-dirigir-caminhao-autoescada-em-salvador","status":"publish","type":"post","link":"https:\/\/news.truckpad.com.br\/?p=1182","title":{"rendered":"Bombeira \u00e9 \u00fanica mulher a dirigir caminh\u00e3o autoescada em Salvador"},"content":{"rendered":"<div>O vermelho que enfeita as unhas e os l\u00e1bios tem o mesmo tom daquele que aparece na farda de trabalho da bombeira militar, sargento Adriana Salvador.<\/div>\n<div>A aten\u00e7\u00e3o aos detalhes, presente tamb\u00e9m na maquiagem e no cabelo, sempre foi marca da profissional que, pelo seu desempenho, se tornou, atualmente, a \u00fanica mulher do Centro de Gest\u00e3o de Frota, do Departamento de Apoio Log\u00edstico (DAL) do Corpo de Bombeiros, a dirigir um caminh\u00e3o autoescada.<\/div>\n<div><\/div>\n<p><a name=\"m_2642343508009611694_more\"><\/a><\/p>\n<div>Militar h\u00e1 14 anos, sendo 11 como bombeira, ela se orgulha de ser refer\u00eancia para colegas e civis. Al\u00e9m do ve\u00edculo com escada acoplada \u2013 que possui 40 metros de altura, tr\u00eas de largura e 17 de comprimento \u2013, utilizado nos resgates em altura e no apoio ao combate a inc\u00eandios e ocorr\u00eancias de grandes propor\u00e7\u00f5es, tamb\u00e9m conduz outros carros da unidade, como caminh\u00f5es e ambul\u00e2ncias de salvamento.<\/div>\n<div>Durante o desfile em comemora\u00e7\u00e3o ao 7 de Setembro, sargento Salvador tamb\u00e9m guia um dos xod\u00f3s da corpora\u00e7\u00e3o, o caminh\u00e3o Vov\u00f3, de 1912, e ainda \u00e9 uma das respons\u00e1veis por pilotar o \u00f4nibus que transporta os colegas para combater queimadas, comuns durante o ver\u00e3o em diferentes cidades baianas.<\/div>\n<div><\/div>\n<div>\n<div>Seja para lutar contra o fogo ou resgatar um gato em uma \u00e1rvore, leva o autoescada e o estaciona em local adequado para realiza\u00e7\u00e3o da a\u00e7\u00e3o, priorizando a seguran\u00e7a dos profissionais. J\u00e1 tendo participado de muitas opera\u00e7\u00f5es, garante que desperta olhares curiosos quando est\u00e1 atr\u00e1s do volante. \u201cAinda se surpreendem quando veem uma mulher guiando um caminh\u00e3o\u201d, enfatizou.<\/div>\n<div>Sargento Salvador diz que a paix\u00e3o por ve\u00edculos grandes surgiu na adolesc\u00eancia e segue at\u00e9 hoje. \u201cTive contato com carros pesados muito jovem, atrav\u00e9s de familiares caminhoneiros\u201d, justificou. Mesmo j\u00e1 tendo conduzido motos durante o per\u00edodo em que era do esquadr\u00e3o de motociclistas \u00c1guia e Asa Branca, em Feira de Santana, viaturas, \u00f4nibus, caminh\u00f5es-pipa e ambul\u00e2ncias de salvamento, n\u00e3o esconde o desejo de guiar outros ve\u00edculos. \u201cQuero ainda dirigir um trator e tamb\u00e9m uma carreta bitrem\u201d, confessou.<\/div>\n<div>A inatividade n\u00e3o atrai a BM, que usa seu tempo livre para praticar esportes que envolvam contato com a natureza e contribuem para a libera\u00e7\u00e3o de subst\u00e2ncias positivas para o corpo. \u201cFa\u00e7o exerc\u00edcios f\u00edsicos, gosto de esportes radicais e hoje sou jipeira\u201d, explicou que possui um ve\u00edculo do tipo off-Road quatro por quatro, indicado para tilhas.<\/div>\n<div>Os anos de dedica\u00e7\u00e3o a sua fun\u00e7\u00e3o renderam uma medalha por bom comportamento e servi\u00e7os prestados ap\u00f3s de anos de trabalho, no entanto ela ainda deseja alcan\u00e7ar a medalha de m\u00e9rito Almeida Couto, concedida aos militares de maior destaque.<\/div>\n<div><\/div>\n<div><b>FONTE:\u00a0<a href=\"http:\/\/www.caminhoes-e-carretas.com\/2017\/03\/bombeira-e-unica-mulher-dirigir.html?utm_source=feedburner&amp;utm_medium=email&amp;utm_campaign=Feed%3A+Caminhes-e-carretas+%28Caminh%C3%B5es-e-Carretas%29\">Blog Caminh\u00f5es e Carretas<\/a><\/b><\/div>\n<\/div>\n","protected":false},"excerpt":{"rendered":"<p>O vermelho que enfeita as unhas e os l\u00e1bios tem o mesmo tom daquele que aparece na farda de trabalho da bombeira militar, sargento Adriana Salvador. A aten\u00e7\u00e3o aos detalhes, presente tamb\u00e9m na maquiagem e no cabelo, sempre foi marca da profissional que, pelo seu desempenho, se tornou, atualmente, a \u00fanica mulher do Centro de &hellip; <a href=\"https:\/\/news.truckpad.com.br\/?p=1182\" class=\"more-link\">Continue lendo <span class=\"screen-reader-text\">Bombeira \u00e9 \u00fanica mulher a dirigir caminh\u00e3o autoescada em Salvador<\/span> <span class=\"meta-nav\">&rarr;<\/span><\/a><\/p>\n","protected":false},"author":6,"featured_media":1183,"comment_status":"open","ping_status":"open","sticky":false,"template":"","format":"standard","meta":{"footnotes":""},"categories":[24],"tags":[801,813],"class_list":["post-1182","post","type-post","status-publish","format-standard","has-post-thumbnail","hentry","category-curiosidades","tag-mulher-caminhoneira","tag-mulheres-no-volante"],"_links":{"self":[{"href":"https:\/\/news.truckpad.com.br\/index.php?rest_route=\/wp\/v2\/posts\/1182","targetHints":{"allow":["GET"]}}],"collection":[{"href":"https:\/\/news.truckpad.com.br\/index.php?rest_route=\/wp\/v2\/posts"}],"about":[{"href":"https:\/\/news.truckpad.com.br\/index.php?rest_route=\/wp\/v2\/types\/post"}],"author":[{"embeddable":true,"href":"https:\/\/news.truckpad.com.br\/index.php?rest_route=\/wp\/v2\/users\/6"}],"replies":[{"embeddable":true,"href":"https:\/\/news.truckpad.com.br\/index.php?rest_route=%2Fwp%2Fv2%2Fcomments&post=1182"}],"version-history":[{"count":0,"href":"https:\/\/news.truckpad.com.br\/index.php?rest_route=\/wp\/v2\/posts\/1182\/revisions"}],"wp:featuredmedia":[{"embeddable":true,"href":"https:\/\/news.truckpad.com.br\/index.php?rest_route=\/wp\/v2\/media\/1183"}],"wp:attachment":[{"href":"https:\/\/news.truckpad.com.br\/index.php?rest_route=%2Fwp%2Fv2%2Fmedia&parent=1182"}],"wp:term":[{"taxonomy":"category","embeddable":true,"href":"https:\/\/news.truckpad.com.br\/index.php?rest_route=%2Fwp%2Fv2%2Fcategories&post=1182"},{"taxonomy":"post_tag","embeddable":true,"href":"https:\/\/news.truckpad.com.br\/index.php?rest_route=%2Fwp%2Fv2%2Ftags&post=1182"}],"curies":[{"name":"wp","href":"https:\/\/api.w.org\/{rel}","templated":true}]}}