{"id":155,"date":"2016-06-22T11:11:50","date_gmt":"2016-06-22T14:11:50","guid":{"rendered":"http:\/\/newstruckpad.wpengine.com\/?p=155"},"modified":"2016-06-22T11:11:50","modified_gmt":"2016-06-22T14:11:50","slug":"caminhoes-terao-circulacao-restrita-na-regiao-nordeste","status":"publish","type":"post","link":"https:\/\/news.truckpad.com.br\/?p=155","title":{"rendered":"Caminh\u00f5es ter\u00e3o circula\u00e7\u00e3o restrita na regi\u00e3o Nordeste"},"content":{"rendered":"<div>Caminhoneiros que circulam ou ir\u00e3o circular pela regi\u00e3o Nordeste do Brasil essa semana, dever\u00e3o ficar atentos ao calend\u00e1rio de restri\u00e7\u00f5es a circula\u00e7\u00e3o de caminh\u00f5es.<\/div>\n<div><\/div>\n<div>Devido ao feriado de S\u00e3o Jo\u00e3o 2016 que acontece nos estados da Bahia, Para\u00edba, Pernambuco e Rio Grande do Norte, a Pol\u00edcia Rodovi\u00e1ria Federal restringir\u00e1 o tr\u00e1fego de bitrens, rodotrens, cegonhas e ve\u00edculos portadores de AET (Autoriza\u00e7\u00e3o Especial de Tr\u00e2nsito) nos seguintes dias e hor\u00e1rios:<\/div>\n<p>&nbsp;<\/p>\n<div><b>23\/06 Quinta-feira:<\/b> Das 12h \u00e0s 20h<\/div>\n<div><b>24\/06 Sexta-feira:<\/b>\u00a0Das 12h \u00e0s 20h<\/div>\n<div><b>26\/06 Domingo:<\/b> Das 12h \u00e0s 20h<\/div>\n<p>&nbsp;<\/p>\n<div>A restri\u00e7\u00e3o \u00e9 valida para todos os trechos de pista simples que cortam os estados anteriormente mencionados. Segundo a PRF as medidas visam aumentar a seguran\u00e7a nas estradas durante os festejos juninos, em virtude do aumento significativo no n\u00famero de ve\u00edculos circulando pelas estradas da regi\u00e3o Nordeste nesse per\u00edodo.<\/div>\n<div><\/div>\n<div>O motorista que for flagrado descumprindo a determina\u00e7\u00e3o ser\u00e1 multado em R$ 85,13, receber\u00e1 4 pontos na CNH e ter\u00e1 o ve\u00edculo retido.<\/div>\n<div><\/div>\n<div>Fonte: <a href=\"http:\/\/www.caminhoes-e-carretas.com\/2016\/06\/caminhoes-terao-circulacao-restrita-na.html\">Caminh\u00f5es e Carretas<\/a><\/div>\n","protected":false},"excerpt":{"rendered":"<p>Caminhoneiros que circulam ou ir\u00e3o circular pela regi\u00e3o Nordeste do Brasil essa semana, dever\u00e3o ficar atentos ao calend\u00e1rio de restri\u00e7\u00f5es a circula\u00e7\u00e3o de caminh\u00f5es. Devido ao feriado de S\u00e3o Jo\u00e3o 2016 que acontece nos estados da Bahia, Para\u00edba, Pernambuco e Rio Grande do Norte, a Pol\u00edcia Rodovi\u00e1ria Federal restringir\u00e1 o tr\u00e1fego de bitrens, rodotrens, cegonhas &hellip; <a href=\"https:\/\/news.truckpad.com.br\/?p=155\" class=\"more-link\">Continue lendo <span class=\"screen-reader-text\">Caminh\u00f5es ter\u00e3o circula\u00e7\u00e3o restrita na regi\u00e3o Nordeste<\/span> <span class=\"meta-nav\">&rarr;<\/span><\/a><\/p>\n","protected":false},"author":6,"featured_media":156,"comment_status":"open","ping_status":"open","sticky":false,"template":"","format":"standard","meta":{"footnotes":""},"categories":[4,5,3],"tags":[164,163,165],"class_list":["post-155","post","type-post","status-publish","format-standard","has-post-thumbnail","hentry","category-caminhoes","category-estradas","category-noticia","tag-feriado","tag-restricao-nas-estradas","tag-sao-joao-2016"],"_links":{"self":[{"href":"https:\/\/news.truckpad.com.br\/index.php?rest_route=\/wp\/v2\/posts\/155","targetHints":{"allow":["GET"]}}],"collection":[{"href":"https:\/\/news.truckpad.com.br\/index.php?rest_route=\/wp\/v2\/posts"}],"about":[{"href":"https:\/\/news.truckpad.com.br\/index.php?rest_route=\/wp\/v2\/types\/post"}],"author":[{"embeddable":true,"href":"https:\/\/news.truckpad.com.br\/index.php?rest_route=\/wp\/v2\/users\/6"}],"replies":[{"embeddable":true,"href":"https:\/\/news.truckpad.com.br\/index.php?rest_route=%2Fwp%2Fv2%2Fcomments&post=155"}],"version-history":[{"count":0,"href":"https:\/\/news.truckpad.com.br\/index.php?rest_route=\/wp\/v2\/posts\/155\/revisions"}],"wp:featuredmedia":[{"embeddable":true,"href":"https:\/\/news.truckpad.com.br\/index.php?rest_route=\/wp\/v2\/media\/156"}],"wp:attachment":[{"href":"https:\/\/news.truckpad.com.br\/index.php?rest_route=%2Fwp%2Fv2%2Fmedia&parent=155"}],"wp:term":[{"taxonomy":"category","embeddable":true,"href":"https:\/\/news.truckpad.com.br\/index.php?rest_route=%2Fwp%2Fv2%2Fcategories&post=155"},{"taxonomy":"post_tag","embeddable":true,"href":"https:\/\/news.truckpad.com.br\/index.php?rest_route=%2Fwp%2Fv2%2Ftags&post=155"}],"curies":[{"name":"wp","href":"https:\/\/api.w.org\/{rel}","templated":true}]}}