{"id":167,"date":"2016-06-24T10:49:12","date_gmt":"2016-06-24T13:49:12","guid":{"rendered":"http:\/\/newstruckpad.wpengine.com\/?p=167"},"modified":"2016-06-24T10:49:12","modified_gmt":"2016-06-24T13:49:12","slug":"transportadores-de-combustivel-conseguem-reuniao-com-o-governo","status":"publish","type":"post","link":"https:\/\/news.truckpad.com.br\/?p=167","title":{"rendered":"Transportadores de combust\u00edvel conseguem reuni\u00e3o com o Governo"},"content":{"rendered":"<div>A greve dos transportadores de combust\u00edveis, que come\u00e7ou na madrugada dessa ter\u00e7a-feira (21), pode acabar nesta quinta-feira (23), a depender do resultado da reuni\u00e3o entre o governo do Estado e a categoria. O encontro est\u00e1 previsto para esta manh\u00e3, na Cidade Administrativa, segundo o Sindicato dos Transportadores de Combust\u00edveis e Derivados de Petr\u00f3leo do Estado de Minas Gerais (Sinditanque).<\/div>\n<div><\/div>\n<div>Nessa quarta-feira (22), no fim da tarde, a gasolina j\u00e1 tinha subido de R$ 3,39 para R$ 3,59 em um posto da avenida Amazonas, no bairro Nova Su\u00ed\u00e7a, regi\u00e3o Oeste da capital.<\/div>\n<div><\/div>\n<div>Um consumidor conta que assim que ouviu a not\u00edcia, correu para abastecer e, ao chegar, se deparou com o aumento. Outro consumidor conta que acabou a gasolina no meio do processo do abastecimento e ele teve que completar com \u00e1lcool.<\/div>\n<div><\/div>\n<div>Segundo o presidente do Sindicato dos Postos (Minaspetro), Br\u00e1ulio Chaves, se a paralisa\u00e7\u00e3o continuar, a situa\u00e7\u00e3o vai se agravar profundamente. \u201cMuitos postos na regi\u00e3o metropolitana j\u00e1 at\u00e9 fecharam porque n\u00e3o receberam combust\u00edvel. D\u00e1 para trazer de outros pontos, como Uberl\u00e2ndia e Paul\u00ednea (SP), mas com certeza isso encarece o frete\u201d, explica.<\/div>\n<div><\/div>\n<div>Chaves destaca ainda que o problema vai al\u00e9m de n\u00e3o conseguir abastecer o carro para ir trabalhar, por exemplo. \u201cO caminh\u00e3o que est\u00e1 levando o feij\u00e3o tamb\u00e9m n\u00e3o consegue colocar diesel. Rapidamente pode come\u00e7ar a faltar produtos\u201d, ressalta.<\/div>\n<div><\/div>\n<div>Em um posto na avenida dos Andradas, no Santa Efig\u00eania, o representante disse que a gasolina aditivada j\u00e1 tinha acabado \u00e0 tarde. Ele estimou que o estoque demoraria no m\u00e1ximo dois dias para acabar, dependendo da demanda. O interior do Estado tamb\u00e9m j\u00e1 enfrenta falta de combust\u00edvel. Nesta quarta, de acordo com as reclama\u00e7\u00f5es registradas pelo Minaspetro, havia registro de falta de gasolina em Concei\u00e7\u00e3o do Mato Dentro, regi\u00e3o Central de Minas.<\/div>\n<div><\/div>\n<div>O presidente do, Irani Gomes, disse que a categoria aguarda a confirma\u00e7\u00e3o de uma reuni\u00e3o com representantes da Secretaria de Estado da Fazenda para quinta-feira.<\/div>\n<div><\/div>\n<div>\u201cA greve \u00e9 por tempo indeterminado. Tudo vai depender dessa conversa. Queremos que a al\u00edquota de ICMS do diesel, que h\u00e1 tr\u00eas anos subiu para 15%, volte para 12%\u201d, destaca. Al\u00e9m da redu\u00e7\u00e3o do ICMS do diesel, a categoria quer que as distribuidoras paguem a di\u00e1ria de R$ 1,38 por tonelada, para cada hora que o caminh\u00e3o ficar parado ap\u00f3s a quinta hora de espera para carregar. Eles tamb\u00e9m querem vale-ped\u00e1gio, para reduzir as despesas atuais.<\/div>\n<div><\/div>\n<div>Ainda, conforme o Sindtanque-MG, a ades\u00e3o do movimento no Estado \u00e9 de 100%.<\/div>\n<div><\/div>\n<div>Fonte: <a href=\"http:\/\/www.caminhoes-e-carretas.com\/2016\/06\/transportadores-de-combustivel.html\">Caminh\u00f5es e Carretas<\/a><\/div>\n","protected":false},"excerpt":{"rendered":"<p>A greve dos transportadores de combust\u00edveis, que come\u00e7ou na madrugada dessa ter\u00e7a-feira (21), pode acabar nesta quinta-feira (23), a depender do resultado da reuni\u00e3o entre o governo do Estado e a categoria. O encontro est\u00e1 previsto para esta manh\u00e3, na Cidade Administrativa, segundo o Sindicato dos Transportadores de Combust\u00edveis e Derivados de Petr\u00f3leo do Estado &hellip; <a href=\"https:\/\/news.truckpad.com.br\/?p=167\" class=\"more-link\">Continue lendo <span class=\"screen-reader-text\">Transportadores de combust\u00edvel conseguem reuni\u00e3o com o Governo<\/span> <span class=\"meta-nav\">&rarr;<\/span><\/a><\/p>\n","protected":false},"author":6,"featured_media":168,"comment_status":"open","ping_status":"open","sticky":false,"template":"","format":"standard","meta":{"footnotes":""},"categories":[4,6,3],"tags":[178,166,156,179],"class_list":["post-167","post","type-post","status-publish","format-standard","has-post-thumbnail","hentry","category-caminhoes","category-combustivel","category-noticia","tag-combustivel","tag-greve-tanqueiros","tag-minas-gerais","tag-sindtanque"],"_links":{"self":[{"href":"https:\/\/news.truckpad.com.br\/index.php?rest_route=\/wp\/v2\/posts\/167","targetHints":{"allow":["GET"]}}],"collection":[{"href":"https:\/\/news.truckpad.com.br\/index.php?rest_route=\/wp\/v2\/posts"}],"about":[{"href":"https:\/\/news.truckpad.com.br\/index.php?rest_route=\/wp\/v2\/types\/post"}],"author":[{"embeddable":true,"href":"https:\/\/news.truckpad.com.br\/index.php?rest_route=\/wp\/v2\/users\/6"}],"replies":[{"embeddable":true,"href":"https:\/\/news.truckpad.com.br\/index.php?rest_route=%2Fwp%2Fv2%2Fcomments&post=167"}],"version-history":[{"count":0,"href":"https:\/\/news.truckpad.com.br\/index.php?rest_route=\/wp\/v2\/posts\/167\/revisions"}],"wp:featuredmedia":[{"embeddable":true,"href":"https:\/\/news.truckpad.com.br\/index.php?rest_route=\/wp\/v2\/media\/168"}],"wp:attachment":[{"href":"https:\/\/news.truckpad.com.br\/index.php?rest_route=%2Fwp%2Fv2%2Fmedia&parent=167"}],"wp:term":[{"taxonomy":"category","embeddable":true,"href":"https:\/\/news.truckpad.com.br\/index.php?rest_route=%2Fwp%2Fv2%2Fcategories&post=167"},{"taxonomy":"post_tag","embeddable":true,"href":"https:\/\/news.truckpad.com.br\/index.php?rest_route=%2Fwp%2Fv2%2Ftags&post=167"}],"curies":[{"name":"wp","href":"https:\/\/api.w.org\/{rel}","templated":true}]}}