{"id":232,"date":"2016-08-15T10:42:54","date_gmt":"2016-08-15T13:42:54","guid":{"rendered":"http:\/\/newstruckpad.wpengine.com\/?p=232"},"modified":"2016-09-08T10:43:44","modified_gmt":"2016-09-08T13:43:44","slug":"mercedes-ira-suspender-producao-em-sao-bernardo-por-tempo-indeterminado","status":"publish","type":"post","link":"https:\/\/news.truckpad.com.br\/?p=232","title":{"rendered":"Mercedes ir\u00e1 suspender produ\u00e7\u00e3o em S\u00e3o Bernardo por tempo indeterminado"},"content":{"rendered":"<p>A Mercedes-Benz vai suspender a produ\u00e7\u00e3o da f\u00e1brica de caminh\u00f5es e \u00f4nibus de S\u00e3o Bernardo do Campo (SP) por tempo indeterminado a partir da pr\u00f3xima segunda-feira (15), cerca de 10 dias depois de dizer que haver\u00e1 demiss\u00f5es na unidade.<\/p>\n<p>Praticamente todos os 10 mil colaboradores ter\u00e3o licen\u00e7a remunerada, com exce\u00e7\u00e3o dos que exercem fun\u00e7\u00f5es essenciais. A Mercedes disse que h\u00e1 um excedente de mais de 2 mil trabalhadores na unidade em virtude da \u201cdr\u00e1stica redu\u00e7\u00e3o de vendas de ve\u00edculos comerciais nos \u00faltimos anos\u201d.<\/p>\n<p>No \u00faltimo dia 5, a montadora voltou a afirmar que ir\u00e1 demitir funcion\u00e1rios na f\u00e1brica do ABC paulista, mas n\u00e3o informou nem uma data e nem o n\u00famero de cortes.<\/p>\n<p>Carta fala em demiss\u00f5es<\/p>\n<p>Segundo o Sindicato dos Metal\u00fargicos do ABC, que representa as f\u00e1bricas de S\u00e3o Bernardo do Campo, a Mercedes enviou nesta sexta-feira (12) um comunicado aos funcion\u00e1rios, explicando a decis\u00e3o de parar a produ\u00e7\u00e3o.<\/p>\n<p>A carta termina com a frase: \u201cNa pr\u00f3xima semana informaremos a data de retorno de nossas atividades e individualmente a todos os envolvidos sobre o encerramento de seus contratos de trabalho\u201d.<\/p>\n<p>Procurada, a montadora afirmou que, durante o per\u00edodo de licen\u00e7a, ir\u00e1 estudar as a\u00e7\u00f5es com o excedente de funcion\u00e1rios.<\/p>\n<p>Caso demita, os cortes s\u00f3 podem ser feitos a partir de setembro, pois, devido \u00e0 ades\u00e3o de toda a f\u00e1brica ao Programa de Prote\u00e7\u00e3o ao Emprego (PPE) entre setembro do ano passado e o fim de maio deste ano, os funcion\u00e1rios t\u00eam estabilidade at\u00e9 31 de agosto.<\/p>\n<p>Hist\u00f3rico<\/p>\n<p>Desde junho, cerca de 1,8 mil funcion\u00e1rios da Mercedes j\u00e1 estavam em licen\u00e7a, tamb\u00e9m por tempo indeterminado.<\/p>\n<p>Na mesma \u00e9poca, a montadora tentou reduzir o quadro de funcion\u00e1rios com um Programa de Demiss\u00e3o Volunt\u00e1ria (PDV), mas a ades\u00e3o ficou abaixo do que a empresa esperava, chegando a 630 funcion\u00e1rios.<\/p>\n<p>Antes disso, a unidade de S\u00e3o Bernardo passou 6 meses no PPE, com jornada e sal\u00e1rios reduzidos. A montadora decidiu n\u00e3o negociar uma prorroga\u00e7\u00e3o da medida, diferente do que ocorreu na Volkswagen, por exemplo.<\/p>\n<p>A montadora disse que n\u00e3o h\u00e1 previs\u00e3o de nenhuma medida restritiva na outra f\u00e1brica de caminh\u00f5es do grupo, em Juiz de Fora (MG). Nas \u00faltimas segunda (8) e ter\u00e7a (9), houveparalisa\u00e7\u00f5es na unidade durante a negocia\u00e7\u00e3o de benef\u00edcios. As conversas ser\u00e3o retomadas em setembro.<\/p>\n<p>Setor em crise<\/p>\n<p>No acumulado entre janeiro de julho deste ano, a venda de caminh\u00f5es e \u00f4nibus caiu 32% na compara\u00e7\u00e3o com o mesmo per\u00edodo do ano passado.<\/p>\n<p>Foram emplacadas 39.021 unidades, ante 57.349 nos primeiros sete meses do ano passado.<\/p>\n<p>Fonte: Blog do Caminhoneiro<\/p>\n","protected":false},"excerpt":{"rendered":"<p>A Mercedes-Benz vai suspender a produ\u00e7\u00e3o da f\u00e1brica de caminh\u00f5es e \u00f4nibus de S\u00e3o Bernardo do Campo (SP) por tempo indeterminado a partir da pr\u00f3xima segunda-feira (15), cerca de 10 dias depois de dizer que haver\u00e1 demiss\u00f5es na unidade. Praticamente todos os 10 mil colaboradores ter\u00e3o licen\u00e7a remunerada, com exce\u00e7\u00e3o dos que exercem fun\u00e7\u00f5es essenciais. &hellip; <a href=\"https:\/\/news.truckpad.com.br\/?p=232\" class=\"more-link\">Continue lendo <span class=\"screen-reader-text\">Mercedes ir\u00e1 suspender produ\u00e7\u00e3o em S\u00e3o Bernardo por tempo indeterminado<\/span> <span class=\"meta-nav\">&rarr;<\/span><\/a><\/p>\n","protected":false},"author":6,"featured_media":233,"comment_status":"open","ping_status":"open","sticky":false,"template":"","format":"standard","meta":{"footnotes":""},"categories":[129,3],"tags":[27,26],"class_list":["post-232","post","type-post","status-publish","format-standard","has-post-thumbnail","hentry","category-montadoras","category-noticia","tag-crise","tag-mercedes-benz"],"_links":{"self":[{"href":"https:\/\/news.truckpad.com.br\/index.php?rest_route=\/wp\/v2\/posts\/232","targetHints":{"allow":["GET"]}}],"collection":[{"href":"https:\/\/news.truckpad.com.br\/index.php?rest_route=\/wp\/v2\/posts"}],"about":[{"href":"https:\/\/news.truckpad.com.br\/index.php?rest_route=\/wp\/v2\/types\/post"}],"author":[{"embeddable":true,"href":"https:\/\/news.truckpad.com.br\/index.php?rest_route=\/wp\/v2\/users\/6"}],"replies":[{"embeddable":true,"href":"https:\/\/news.truckpad.com.br\/index.php?rest_route=%2Fwp%2Fv2%2Fcomments&post=232"}],"version-history":[{"count":0,"href":"https:\/\/news.truckpad.com.br\/index.php?rest_route=\/wp\/v2\/posts\/232\/revisions"}],"wp:featuredmedia":[{"embeddable":true,"href":"https:\/\/news.truckpad.com.br\/index.php?rest_route=\/wp\/v2\/media\/233"}],"wp:attachment":[{"href":"https:\/\/news.truckpad.com.br\/index.php?rest_route=%2Fwp%2Fv2%2Fmedia&parent=232"}],"wp:term":[{"taxonomy":"category","embeddable":true,"href":"https:\/\/news.truckpad.com.br\/index.php?rest_route=%2Fwp%2Fv2%2Fcategories&post=232"},{"taxonomy":"post_tag","embeddable":true,"href":"https:\/\/news.truckpad.com.br\/index.php?rest_route=%2Fwp%2Fv2%2Ftags&post=232"}],"curies":[{"name":"wp","href":"https:\/\/api.w.org\/{rel}","templated":true}]}}