{"id":2622,"date":"2018-02-14T14:29:32","date_gmt":"2018-02-14T17:29:32","guid":{"rendered":"https:\/\/news.truckpad.com.br\/?p=2622"},"modified":"2018-02-14T14:29:32","modified_gmt":"2018-02-14T17:29:32","slug":"prefeito-compra-caminhao-com-dinheiro-que-seria-gasto-com-carnaval","status":"publish","type":"post","link":"https:\/\/news.truckpad.com.br\/?p=2622","title":{"rendered":"Prefeito compra caminh\u00e3o com dinheiro que seria gasto com carnaval"},"content":{"rendered":"<p>O prefeito de S\u00e3o Sebasti\u00e3o do Alto, no Rio de Janeiro, fez uma <a href=\"https:\/\/www.facebook.com\/tavinho.rodrigues.79\/posts\/626293987701696?pnref=story\">postagem no Facebook<\/a> destacando a compra de um caminh\u00e3o Ford Cargo 2629, que ser\u00e1 utilizado pela prefeitura da cidade para coleta de lixo. O valor investido no ve\u00edculo veio de verbas que seriam destinadas \u00e0s festas de carnaval.<\/p>\n<p>De acordo com o prefeito, Tavinho Rodrigues, o valor que seria gasto no carnaval era de R$ 350 mil, e que mesmo o carnaval sendo uma festa popular, foi a melhor decis\u00e3o que pode tomar.<\/p>\n<p><a class=\"fancybox image\" href=\"https:\/\/i0.wp.com\/blogdocaminhoneiro.com\/wp-content\/uploads\/2018\/02\/caminhao-cargo-2.jpg\"><img loading=\"lazy\" decoding=\"async\" class=\"aligncenter size-large wp-image-116422\" src=\"https:\/\/i0.wp.com\/blogdocaminhoneiro.com\/wp-content\/uploads\/2018\/02\/caminhao-cargo-2.jpg?resize=800%2C600\" sizes=\"auto, (max-width: 800px) 100vw, 800px\" srcset=\"https:\/\/i0.wp.com\/blogdocaminhoneiro.com\/wp-content\/uploads\/2018\/02\/caminhao-cargo-2.jpg?resize=800%2C600 800w, https:\/\/i0.wp.com\/blogdocaminhoneiro.com\/wp-content\/uploads\/2018\/02\/caminhao-cargo-2.jpg?resize=280%2C210 280w, https:\/\/i0.wp.com\/blogdocaminhoneiro.com\/wp-content\/uploads\/2018\/02\/caminhao-cargo-2.jpg?w=960 960w\" alt=\"\" width=\"770\" height=\"577\" \/><\/a>\u201cEu entendo que o carnaval \u00e9 uma festa popular que agrada muita gente, mas eu tive que cancelar os eventos aqui em S\u00e3o Sebasti\u00e3o do Alto, o custo era alto, o dinheiro que ia ser gasto no carnaval, R$ 350 mil, n\u00f3s compramos um caminh\u00e3o pra recolher o lixo da cidade. Sei que algumas pessoas podem n\u00e3o entender, mais foi a decis\u00e3o que achei melhor\u201d, disse o prefeito na postagem.<\/p>\n<p>At\u00e9 o momento, o post com as fotos do ve\u00edculo tiveram mais de 700 envolvimento, e os coment\u00e1rios parabenizam o prefeito por ter escolhido a compra do caminh\u00e3o ao inv\u00e9s da festa, que duraria poucos dias.<\/p>\n<p>Fonte: <a href=\"http:\/\/blogdocaminhoneiro.com\/2018\/02\/prefeito-compra-caminhao-com-dinheiro-que-seria-gasto-com-carnaval\/\">Blog do Caminhoneiro<\/a><\/p>\n","protected":false},"excerpt":{"rendered":"<p>O prefeito de S\u00e3o Sebasti\u00e3o do Alto, no Rio de Janeiro, fez uma postagem no Facebook destacando a compra de um caminh\u00e3o Ford Cargo 2629, que ser\u00e1 utilizado pela prefeitura da cidade para coleta de lixo. O valor investido no ve\u00edculo veio de verbas que seriam destinadas \u00e0s festas de carnaval. De acordo com o &hellip; <a href=\"https:\/\/news.truckpad.com.br\/?p=2622\" class=\"more-link\">Continue lendo <span class=\"screen-reader-text\">Prefeito compra caminh\u00e3o com dinheiro que seria gasto com carnaval<\/span> <span class=\"meta-nav\">&rarr;<\/span><\/a><\/p>\n","protected":false},"author":6,"featured_media":2623,"comment_status":"open","ping_status":"open","sticky":false,"template":"","format":"standard","meta":{"footnotes":""},"categories":[4,24],"tags":[818,767,1108,588],"class_list":["post-2622","post","type-post","status-publish","format-standard","has-post-thumbnail","hentry","category-caminhoes","category-curiosidades","tag-caminhao","tag-carnaval","tag-carnaval-2018","tag-rio-de-janeiro"],"_links":{"self":[{"href":"https:\/\/news.truckpad.com.br\/index.php?rest_route=\/wp\/v2\/posts\/2622","targetHints":{"allow":["GET"]}}],"collection":[{"href":"https:\/\/news.truckpad.com.br\/index.php?rest_route=\/wp\/v2\/posts"}],"about":[{"href":"https:\/\/news.truckpad.com.br\/index.php?rest_route=\/wp\/v2\/types\/post"}],"author":[{"embeddable":true,"href":"https:\/\/news.truckpad.com.br\/index.php?rest_route=\/wp\/v2\/users\/6"}],"replies":[{"embeddable":true,"href":"https:\/\/news.truckpad.com.br\/index.php?rest_route=%2Fwp%2Fv2%2Fcomments&post=2622"}],"version-history":[{"count":0,"href":"https:\/\/news.truckpad.com.br\/index.php?rest_route=\/wp\/v2\/posts\/2622\/revisions"}],"wp:featuredmedia":[{"embeddable":true,"href":"https:\/\/news.truckpad.com.br\/index.php?rest_route=\/wp\/v2\/media\/2623"}],"wp:attachment":[{"href":"https:\/\/news.truckpad.com.br\/index.php?rest_route=%2Fwp%2Fv2%2Fmedia&parent=2622"}],"wp:term":[{"taxonomy":"category","embeddable":true,"href":"https:\/\/news.truckpad.com.br\/index.php?rest_route=%2Fwp%2Fv2%2Fcategories&post=2622"},{"taxonomy":"post_tag","embeddable":true,"href":"https:\/\/news.truckpad.com.br\/index.php?rest_route=%2Fwp%2Fv2%2Ftags&post=2622"}],"curies":[{"name":"wp","href":"https:\/\/api.w.org\/{rel}","templated":true}]}}