{"id":2804,"date":"2018-04-09T13:54:30","date_gmt":"2018-04-09T16:54:30","guid":{"rendered":"https:\/\/news.truckpad.com.br\/?p=2804"},"modified":"2018-04-09T13:54:30","modified_gmt":"2018-04-09T16:54:30","slug":"contran-suspende-resolucao-que-obrigava-inspecao-veicular-em-todo-o-pais","status":"publish","type":"post","link":"https:\/\/news.truckpad.com.br\/?p=2804","title":{"rendered":"Contran suspende resolu\u00e7\u00e3o que obrigava Inspe\u00e7\u00e3o Veicular em todo o pa\u00eds"},"content":{"rendered":"<p>A <a href=\"http:\/\/www.denatran.gov.br\/images\/Resolucoes\/Resolucao7162017.pdf\" target=\"_blank\" rel=\"noopener\"><strong>Resolu\u00e7\u00e3o n\u00ba 716\/2017<\/strong><\/a>, a resolu\u00e7\u00e3o que <a href=\"http:\/\/www.penaestrada.com.br\/caminhoes-terao-que-passar-por-inspecao-veicular-todo-ano-segundo-contran\/\" target=\"_blank\" rel=\"noopener\"><strong>obrigava Inspe\u00e7\u00e3o Veicular\u00a0em todo o Brasil<\/strong><\/a>, acaba de ser suspensa.<\/p>\n<p>A decis\u00e3o foi divulgada por meio de uma <a href=\"https:\/\/diariodotransporte.com.br\/wp-content\/uploads\/2018\/04\/DELIBERAC%CC%A7A%CC%83O-N%C2%BA-170-DE-5-DE-ABRIL-DE-2018-Dia%CC%81rio-Oficial-da-Unia%CC%83o.pdf\" target=\"_blank\" rel=\"noopener\"><strong>delibera\u00e7\u00e3o do Conselho Nacional de Tr\u00e2nsito<\/strong><\/a> \u2013 Contran, que foi publicada no dia 06 (sexta-feira), determinando a suspens\u00e3o por <strong>tempo indeterminado<\/strong>. O an\u00fancio tamb\u00e9m foi publicado no Di\u00e1rio Oficial da Uni\u00e3o de hoje. O Minist\u00e9rio das Cidades declarou que a decis\u00e3o atende \u201caos anseios da sociedade\u201d.<\/p>\n<p>Essa n\u00e3o \u00e9 a primeira vez \u2013 <strong>e podemos dizer que provavelmente n\u00e3o ser\u00e1 a \u00faltima<\/strong> \u2013 que o Contran volta atr\u00e1s em uma decis\u00e3o. S\u00f3 em mar\u00e7o deste ano, o <a href=\"http:\/\/www.penaestrada.com.br\/confira-4-mudancas-nas-regras-de-transito-que-aconteceram-em-marco\/\" target=\"_blank\" rel=\"noopener\"><strong>\u00f3rg\u00e3o fez 4 mudan\u00e7as em resolu\u00e7\u00f5es<\/strong><\/a>, suspendendo decis\u00f5es e adiando prazos.<\/p>\n<p>De acordo com a Resolu\u00e7\u00e3o 716, os propriet\u00e1rios seriam obrigados a submeter seus ve\u00edculos \u00e0 inspe\u00e7\u00e3o veicular como parte do processo de renova\u00e7\u00e3o do licenciamento e obten\u00e7\u00e3o do Certificado de Registro e Licenciamento Veicular (CRLV).<\/p>\n<p>A resolu\u00e7\u00e3o passaria a valer em 1\u00ba de julho deste ano e determinava que as inspe\u00e7\u00f5es teriam validade de dois anos.<\/p>\n<p>Apesar de contar no C\u00f3digo de Tr\u00e2nsito Brasileiro (CTB), a inspe\u00e7\u00e3o veicular n\u00e3o havia sido regulamentada para o pa\u00eds inteiro. O CTB define como infra\u00e7\u00e3o grave, sujeito \u00e0 multa de R$ 195,23 e reten\u00e7\u00e3o do ve\u00edculo, que n\u00e3o fizer a inspe\u00e7\u00e3o. Al\u00e9m disso, ficaria proibido de fazer o licenciamento do ve\u00edculo.<\/p>\n<h2>Por que a suspens\u00e3o?<\/h2>\n<p>De acordo com o diretor do Denatran, Maur\u00edcio Alves, a defini\u00e7\u00e3o dos requisitos para elabora\u00e7\u00e3o do cronograma \u00e9 um dos motivos que dificulta a implementa\u00e7\u00e3o da resolu\u00e7\u00e3o.<\/p>\n<p>\u201cEstamos sempre atentos \u00e0s demandas dos Detrans, que s\u00e3o nossos parceiros na fiscaliza\u00e7\u00e3o das leis de tr\u00e2nsito, e entendemos que esse processo precisa passar por um debate mais aprofundado, para que possamos aplica-lo da melhor maneira poss\u00edvel, com o m\u00ednimo de transtorno \u00e0 popula\u00e7\u00e3o\u201d, Alves justifica.<\/p>\n<p>Fonte: <a href=\"http:\/\/www.penaestrada.com.br\/contran-suspende-resolucao-que-obrigava-inspecao-veicular-em-todo-o-pais\/\">P\u00e9 na Estrada<\/a><\/p>\n","protected":false},"excerpt":{"rendered":"<p>A Resolu\u00e7\u00e3o n\u00ba 716\/2017, a resolu\u00e7\u00e3o que obrigava Inspe\u00e7\u00e3o Veicular\u00a0em todo o Brasil, acaba de ser suspensa. A decis\u00e3o foi divulgada por meio de uma delibera\u00e7\u00e3o do Conselho Nacional de Tr\u00e2nsito \u2013 Contran, que foi publicada no dia 06 (sexta-feira), determinando a suspens\u00e3o por tempo indeterminado. O an\u00fancio tamb\u00e9m foi publicado no Di\u00e1rio Oficial da &hellip; <a href=\"https:\/\/news.truckpad.com.br\/?p=2804\" class=\"more-link\">Continue lendo <span class=\"screen-reader-text\">Contran suspende resolu\u00e7\u00e3o que obrigava Inspe\u00e7\u00e3o Veicular em todo o pa\u00eds<\/span> <span class=\"meta-nav\">&rarr;<\/span><\/a><\/p>\n","protected":false},"author":6,"featured_media":2805,"comment_status":"open","ping_status":"open","sticky":false,"template":"","format":"standard","meta":{"footnotes":""},"categories":[7,3],"tags":[17,15,32,51,418],"class_list":["post-2804","post","type-post","status-publish","format-standard","has-post-thumbnail","hentry","category-legislacao","category-noticia","tag-contran","tag-ctb-antt","tag-detran","tag-inspecao-veicular","tag-resolucoes-contran"],"_links":{"self":[{"href":"https:\/\/news.truckpad.com.br\/index.php?rest_route=\/wp\/v2\/posts\/2804","targetHints":{"allow":["GET"]}}],"collection":[{"href":"https:\/\/news.truckpad.com.br\/index.php?rest_route=\/wp\/v2\/posts"}],"about":[{"href":"https:\/\/news.truckpad.com.br\/index.php?rest_route=\/wp\/v2\/types\/post"}],"author":[{"embeddable":true,"href":"https:\/\/news.truckpad.com.br\/index.php?rest_route=\/wp\/v2\/users\/6"}],"replies":[{"embeddable":true,"href":"https:\/\/news.truckpad.com.br\/index.php?rest_route=%2Fwp%2Fv2%2Fcomments&post=2804"}],"version-history":[{"count":0,"href":"https:\/\/news.truckpad.com.br\/index.php?rest_route=\/wp\/v2\/posts\/2804\/revisions"}],"wp:featuredmedia":[{"embeddable":true,"href":"https:\/\/news.truckpad.com.br\/index.php?rest_route=\/wp\/v2\/media\/2805"}],"wp:attachment":[{"href":"https:\/\/news.truckpad.com.br\/index.php?rest_route=%2Fwp%2Fv2%2Fmedia&parent=2804"}],"wp:term":[{"taxonomy":"category","embeddable":true,"href":"https:\/\/news.truckpad.com.br\/index.php?rest_route=%2Fwp%2Fv2%2Fcategories&post=2804"},{"taxonomy":"post_tag","embeddable":true,"href":"https:\/\/news.truckpad.com.br\/index.php?rest_route=%2Fwp%2Fv2%2Ftags&post=2804"}],"curies":[{"name":"wp","href":"https:\/\/api.w.org\/{rel}","templated":true}]}}