{"id":3352,"date":"2018-09-19T14:28:42","date_gmt":"2018-09-19T17:28:42","guid":{"rendered":"https:\/\/news.truckpad.com.br\/?p=3352"},"modified":"2018-09-19T14:28:42","modified_gmt":"2018-09-19T17:28:42","slug":"brasil-tem-seu-segundo-autonomo-na-colheita-de-cana","status":"publish","type":"post","link":"https:\/\/news.truckpad.com.br\/?p=3352","title":{"rendered":"Brasil tem seu segundo aut\u00f4nomo na colheita de cana"},"content":{"rendered":"<p>Durante a sua participa\u00e7\u00e3o no IAA, em Hannover, na Alemanha, a Mercedes-Benz anunciou a chegada do Axor 3131 8\u00d74, aut\u00f4nomo que foi desenvolvido em parceria com a Grunner Tec, localizada em Len\u00e7\u00f3is Paulista, interior de S\u00e3o Paulo, para operar na colheita de cana.<\/p>\n<p>O caminh\u00e3o, que originalmente \u00e9 um 6\u00d74, nessa opera\u00e7\u00e3o, para ficar mais produtivo, ganhou tra\u00e7\u00e3o 8\u00d74.<\/p>\n<p><iframe loading=\"lazy\" title=\"MERCEDES-BENZ - AXOR 3131 8x4 AUT\u00d4NOMO\" width=\"474\" height=\"267\" src=\"https:\/\/www.youtube.com\/embed\/t8tzw4xxRu4?feature=oembed\" frameborder=\"0\" allow=\"accelerometer; autoplay; clipboard-write; encrypted-media; gyroscope; picture-in-picture; web-share\" referrerpolicy=\"strict-origin-when-cross-origin\" allowfullscreen><\/iframe><\/p>\n<p>O modelo roda 24 horas na colheita de cana. Contudo, com essa tecnologia, a produtividade do cliente saltou de 69 t para 117 t por hectares colhidos.<\/p>\n<p>Segundo Philipp Schiemer, presidente da Mercedes-Benz do Brasil e CEO para a Am\u00e9rica Latina, no neg\u00f3cio de cana, antigamente se perdia aproximadamente 10% da produ\u00e7\u00e3o total por causa do pisoteio de gr\u00e3os.<\/p>\n<p><img loading=\"lazy\" decoding=\"async\" class=\"alignnone size-full wp-image-60669\" src=\"http:\/\/www.ocarreteiro.com.br\/wp-content\/uploads\/2018\/09\/mercedes-iaa.jpeg\" sizes=\"auto, (max-width: 850px) 100vw, 850px\" srcset=\"http:\/\/www.ocarreteiro.com.br\/wp-content\/uploads\/2018\/09\/mercedes-iaa.jpeg 850w, http:\/\/www.ocarreteiro.com.br\/wp-content\/uploads\/2018\/09\/mercedes-iaa-152x101.jpeg 152w, http:\/\/www.ocarreteiro.com.br\/wp-content\/uploads\/2018\/09\/mercedes-iaa-768x512.jpeg 768w, http:\/\/www.ocarreteiro.com.br\/wp-content\/uploads\/2018\/09\/mercedes-iaa-300x200.jpeg 300w, http:\/\/www.ocarreteiro.com.br\/wp-content\/uploads\/2018\/09\/mercedes-iaa-696x464.jpeg 696w, http:\/\/www.ocarreteiro.com.br\/wp-content\/uploads\/2018\/09\/mercedes-iaa-630x420.jpeg 630w, http:\/\/www.ocarreteiro.com.br\/wp-content\/uploads\/2018\/09\/mercedes-iaa-800x534.jpeg 800w\" alt=\"\" width=\"850\" height=\"567\" \/>Com a nova tecnologia aut\u00f4noma, as vantagens s\u00e3o 50% de redu\u00e7\u00e3o no consumo de combust\u00edvel, 40% menos uso de lubrificantes e 30% de redu\u00e7\u00e3o dos custos com manuten\u00e7\u00e3o e pe\u00e7as.<\/p>\n<p>Essas vantagens j\u00e1 trazem bons n\u00fameros para a Mercedes-Benz. A Agro Cana possui dois Axor 3131 rodando com essa tecnologia. Al\u00e9m disso, a Mercedes negocia mais 16 unidades para opera\u00e7\u00e3o no interior de S\u00e3o Paulo e Sul de Goi\u00e1s, e 20 com inten\u00e7\u00f5es de compra.<\/p>\n<p>Fonte: <a href=\"http:\/\/www.ocarreteiro.com.br\/brasil-tem-seu-segundo-autonomo-na-cana\/\">O Carreteiro<\/a><\/p>\n","protected":false},"excerpt":{"rendered":"<p>Durante a sua participa\u00e7\u00e3o no IAA, em Hannover, na Alemanha, a Mercedes-Benz anunciou a chegada do Axor 3131 8\u00d74, aut\u00f4nomo que foi desenvolvido em parceria com a Grunner Tec, localizada em Len\u00e7\u00f3is Paulista, interior de S\u00e3o Paulo, para operar na colheita de cana. O caminh\u00e3o, que originalmente \u00e9 um 6\u00d74, nessa opera\u00e7\u00e3o, para ficar mais &hellip; <a href=\"https:\/\/news.truckpad.com.br\/?p=3352\" class=\"more-link\">Continue lendo <span class=\"screen-reader-text\">Brasil tem seu segundo aut\u00f4nomo na colheita de cana<\/span> <span class=\"meta-nav\">&rarr;<\/span><\/a><\/p>\n","protected":false},"author":6,"featured_media":3354,"comment_status":"open","ping_status":"open","sticky":false,"template":"","format":"standard","meta":{"footnotes":""},"categories":[21,4,1114],"tags":[333,1032,329],"class_list":["post-3352","post","type-post","status-publish","format-standard","has-post-thumbnail","hentry","category-agronegocio","category-caminhoes","category-mercedes","tag-caminhao-mercedes-benz","tag-mercedes-benz-do-brasil","tag-transporte-de-cana"],"_links":{"self":[{"href":"https:\/\/news.truckpad.com.br\/index.php?rest_route=\/wp\/v2\/posts\/3352","targetHints":{"allow":["GET"]}}],"collection":[{"href":"https:\/\/news.truckpad.com.br\/index.php?rest_route=\/wp\/v2\/posts"}],"about":[{"href":"https:\/\/news.truckpad.com.br\/index.php?rest_route=\/wp\/v2\/types\/post"}],"author":[{"embeddable":true,"href":"https:\/\/news.truckpad.com.br\/index.php?rest_route=\/wp\/v2\/users\/6"}],"replies":[{"embeddable":true,"href":"https:\/\/news.truckpad.com.br\/index.php?rest_route=%2Fwp%2Fv2%2Fcomments&post=3352"}],"version-history":[{"count":0,"href":"https:\/\/news.truckpad.com.br\/index.php?rest_route=\/wp\/v2\/posts\/3352\/revisions"}],"wp:featuredmedia":[{"embeddable":true,"href":"https:\/\/news.truckpad.com.br\/index.php?rest_route=\/wp\/v2\/media\/3354"}],"wp:attachment":[{"href":"https:\/\/news.truckpad.com.br\/index.php?rest_route=%2Fwp%2Fv2%2Fmedia&parent=3352"}],"wp:term":[{"taxonomy":"category","embeddable":true,"href":"https:\/\/news.truckpad.com.br\/index.php?rest_route=%2Fwp%2Fv2%2Fcategories&post=3352"},{"taxonomy":"post_tag","embeddable":true,"href":"https:\/\/news.truckpad.com.br\/index.php?rest_route=%2Fwp%2Fv2%2Ftags&post=3352"}],"curies":[{"name":"wp","href":"https:\/\/api.w.org\/{rel}","templated":true}]}}