{"id":3372,"date":"2018-09-27T17:04:38","date_gmt":"2018-09-27T20:04:38","guid":{"rendered":"https:\/\/news.truckpad.com.br\/?p=3372"},"modified":"2018-09-27T17:04:38","modified_gmt":"2018-09-27T20:04:38","slug":"circulacao-de-super-rodotrem-de-91-toneladas-e-suspensa","status":"publish","type":"post","link":"https:\/\/news.truckpad.com.br\/?p=3372","title":{"rendered":"Circula\u00e7\u00e3o de Super Rodotrem de 91 toneladas \u00e9 suspensa"},"content":{"rendered":"<p>No dia 5 de\u00a0setembro o Conselho Nacional de Tr\u00e2nsito (Contran) suspendeu a circula\u00e7\u00e3o do\u00a0Super\u00a0Rodotrem\u00a0pelas estradas do Brasil. O fluxo do modelo de\u00a011 eixos e 91\u00a0toneladas foi interrompido\u00a0a\u00a0partir da\u00a0Delibera\u00e7\u00e3o N\u00ba\u00a0172.<\/p>\n<p>A necessidade da suspens\u00e3o tempor\u00e1ria do\u00a0Super\u00a0Rodotrem\u00a0se manifesta por uma a\u00e7\u00e3o ocasionada pela Associa\u00e7\u00e3o Brasileira das Concession\u00e1rias de Rodovias (ABCR). A decis\u00e3o se justifica pelos impactos negativos que a circula\u00e7\u00e3o de ve\u00edculos com 91 toneladas pode causar ao pavimento. Al\u00e9m disso, a associa\u00e7\u00e3o ainda cita a redu\u00e7\u00e3o da velocidade m\u00ednima e m\u00e1xima, o impasse para a realiza\u00e7\u00e3o de ultrapassagens, a diminui\u00e7\u00e3o de\u00a0manobrabilidade\u00a0dos ve\u00edculos e o alargamento da dist\u00e2ncia essencial para frenagem e acelera\u00e7\u00e3o. Para completar, h\u00e1 o risco de enfraquecimento de estruturas das rodovias.<\/p>\n<p>Em consequ\u00eancia, \u00e9 retomada\u00a0a\u00a0Resolu\u00e7\u00e3o n\u00ba 211\/2006, a qual somente a circula\u00e7\u00e3o de ve\u00edculos de carga com PBTC de at\u00e9 74 toneladas e 9 eixos \u00e9 permitida. \u00c9 bom ressaltar ainda que quem havia autorizado a circula\u00e7\u00e3o foi o pr\u00f3prio \u00f3rg\u00e3o, por meio das Resolu\u00e7\u00f5es 640 e 663.<\/p>\n<div class=\"td-a-rec td-a-rec-id-content_bottom  \">Fonte: <a href=\"http:\/\/brasilcaminhoneiro.com.br\/suspensa-circulacao-rodotrem\/\">Brasil Caminhoneiro\u00a0<\/a><\/div>\n","protected":false},"excerpt":{"rendered":"<p>No dia 5 de\u00a0setembro o Conselho Nacional de Tr\u00e2nsito (Contran) suspendeu a circula\u00e7\u00e3o do\u00a0Super\u00a0Rodotrem\u00a0pelas estradas do Brasil. O fluxo do modelo de\u00a011 eixos e 91\u00a0toneladas foi interrompido\u00a0a\u00a0partir da\u00a0Delibera\u00e7\u00e3o N\u00ba\u00a0172. A necessidade da suspens\u00e3o tempor\u00e1ria do\u00a0Super\u00a0Rodotrem\u00a0se manifesta por uma a\u00e7\u00e3o ocasionada pela Associa\u00e7\u00e3o Brasileira das Concession\u00e1rias de Rodovias (ABCR). A decis\u00e3o se justifica pelos impactos negativos &hellip; <a href=\"https:\/\/news.truckpad.com.br\/?p=3372\" class=\"more-link\">Continue lendo <span class=\"screen-reader-text\">Circula\u00e7\u00e3o de Super Rodotrem de 91 toneladas \u00e9 suspensa<\/span> <span class=\"meta-nav\">&rarr;<\/span><\/a><\/p>\n","protected":false},"author":6,"featured_media":3373,"comment_status":"open","ping_status":"open","sticky":false,"template":"","format":"standard","meta":{"footnotes":""},"categories":[4,5],"tags":[513,175,821],"class_list":["post-3372","post","type-post","status-publish","format-standard","has-post-thumbnail","hentry","category-caminhoes","category-estradas","tag-restricao-de-circulacao","tag-rodotrem","tag-toneladas"],"_links":{"self":[{"href":"https:\/\/news.truckpad.com.br\/index.php?rest_route=\/wp\/v2\/posts\/3372","targetHints":{"allow":["GET"]}}],"collection":[{"href":"https:\/\/news.truckpad.com.br\/index.php?rest_route=\/wp\/v2\/posts"}],"about":[{"href":"https:\/\/news.truckpad.com.br\/index.php?rest_route=\/wp\/v2\/types\/post"}],"author":[{"embeddable":true,"href":"https:\/\/news.truckpad.com.br\/index.php?rest_route=\/wp\/v2\/users\/6"}],"replies":[{"embeddable":true,"href":"https:\/\/news.truckpad.com.br\/index.php?rest_route=%2Fwp%2Fv2%2Fcomments&post=3372"}],"version-history":[{"count":0,"href":"https:\/\/news.truckpad.com.br\/index.php?rest_route=\/wp\/v2\/posts\/3372\/revisions"}],"wp:featuredmedia":[{"embeddable":true,"href":"https:\/\/news.truckpad.com.br\/index.php?rest_route=\/wp\/v2\/media\/3373"}],"wp:attachment":[{"href":"https:\/\/news.truckpad.com.br\/index.php?rest_route=%2Fwp%2Fv2%2Fmedia&parent=3372"}],"wp:term":[{"taxonomy":"category","embeddable":true,"href":"https:\/\/news.truckpad.com.br\/index.php?rest_route=%2Fwp%2Fv2%2Fcategories&post=3372"},{"taxonomy":"post_tag","embeddable":true,"href":"https:\/\/news.truckpad.com.br\/index.php?rest_route=%2Fwp%2Fv2%2Ftags&post=3372"}],"curies":[{"name":"wp","href":"https:\/\/api.w.org\/{rel}","templated":true}]}}