{"id":3463,"date":"2018-10-31T14:49:01","date_gmt":"2018-10-31T17:49:01","guid":{"rendered":"https:\/\/news.truckpad.com.br\/?p=3463"},"modified":"2018-10-31T14:49:01","modified_gmt":"2018-10-31T17:49:01","slug":"prf-inicia-nesta-quinta-feira-dia-1o-operacao-finados-2018","status":"publish","type":"post","link":"https:\/\/news.truckpad.com.br\/?p=3463","title":{"rendered":"PRF inicia nesta quinta-feira dia 1\u00ba Opera\u00e7\u00e3o Finados \u2013 2018"},"content":{"rendered":"<p>A Pol\u00edcia Rodovi\u00e1ria Federal (PRF) iniciar\u00e1 a Opera\u00e7\u00e3o Finados 2018, \u00e0s 00h desta quinta-feira, 01 de novembro, at\u00e9 \u00e0s 23h59 de domingo, dia 04. O objetivo da PRF \u00e9 incrementar as a\u00e7\u00f5es de policiamento e fiscaliza\u00e7\u00e3o com foco na preven\u00e7\u00e3o e redu\u00e7\u00e3o da gravidade dos acidentes de tr\u00e2nsito, bem como aumentar a percep\u00e7\u00e3o de seguran\u00e7a nas rodovias federais em Mato Grosso do Sul e intensificar o enfrentamento \u00e0 criminalidade no per\u00edodo da Opera\u00e7\u00e3o.<\/p>\n<p>A Opera\u00e7\u00e3o Finados ter\u00e1 a dura\u00e7\u00e3o de quatro dias e, como cai em uma sexta-feira, feriado prolongado, \u00e9 esperado um aumento relevante do fluxo de ve\u00edculos nas rodovias federais, fator que contribui para o aumento da viol\u00eancia no tr\u00e2nsito.<\/p>\n<p>Para reduzir o n\u00famero de acidentes, a PRF priorizar\u00e1 a\u00e7\u00f5es preventivas para reduzir o abuso da velocidade, \u00e0 alcoolemia ao volante, \u00e0s ultrapassagens proibidas e o n\u00e3o uso do cinto de seguran\u00e7a, principalmente entre os passageiros dos bancos traseiros.<\/p>\n<p>O policiamento nas rodovias federais do Estado poder\u00e1 contar com refor\u00e7o dos policiais do setor administrativo que concentrar\u00e3o a fiscaliza\u00e7\u00e3o em locais e hor\u00e1rios de maior fluxo e incid\u00eancia de acidentes graves e de criminalidade, de acordo com estat\u00edsticas do \u00f3rg\u00e3o, a fim de garantir aos usu\u00e1rios seguran\u00e7a, conforto e fluidez do tr\u00e2nsito.<\/p>\n<p>Com foco na conscientiza\u00e7\u00e3o dos riscos enfrentados pelos viajantes, a PRF promove comando direcionados \u00e0 educa\u00e7\u00e3o para o tr\u00e2nsito. Em algumas Unidades Operacionais, os condutores e os demais ocupantes dos ve\u00edculos s\u00e3o convidados a assistir a v\u00eddeos que mostram comportamentos inadequados no tr\u00e2nsito como: excesso de velocidade, uso de \u00e1lcool, ultrapassagens indevidas, falta do cinto de seguran\u00e7a e as consequ\u00eancias dessas condutas. \u00c9 o momento de uma reflex\u00e3o e auto avalia\u00e7\u00e3o de seu comportamento.<\/p>\n<div><\/div>\n<p>A PRF recomenda aos motoristas algumas condutas para que fa\u00e7am uma viagem mais segura:<\/p>\n<p>\u2013 Revis\u00e3o do Ve\u00edculo \u2013 antes de viajar verifique as condi\u00e7\u00f5es f\u00edsicas do seu ve\u00edculo, principalmente pneus (inclusive o estepe), palhetas dos limpadores de para-brisa e itens de ilumina\u00e7\u00e3o e sinaliza\u00e7\u00e3o;<\/p>\n<p>\u2013 Planeje a Viagem \u2013 lembre-se de programar a dura\u00e7\u00e3o da viagem, incluindo as paradas para alimenta\u00e7\u00e3o, descanso e abastecimento;<\/p>\n<p>\u2013 Mantenha a Aten\u00e7\u00e3o \u00e0 Rodovia \u2013 respeite a sinaliza\u00e7\u00e3o e os limites de velocidade;<\/p>\n<p>\u2013 Mantenha Far\u00f3is Baixos Acesos \u2013 para que seu ve\u00edculo fique mais vis\u00edvel aos demais condutores;<\/p>\n<p>\u2013 N\u00e3o ligue o pisca-alerta com o ve\u00edculo em movimento: isso pode confundir os outros motoristas e causar um acidente;<\/p>\n<p>\u2013 Mantenha uma dist\u00e2ncia de seguran\u00e7a do ve\u00edculo \u00e0 frente;<\/p>\n<p>\u2013 Em caso de chuva, redobre os cuidados e reduza a velocidade<\/p>\n<p>No estado do Mato Grosso do Sul s\u00e3o 3.652 quil\u00f4metros de rodovias federais, 9 Delegacias e 22 Unidades Operacionais da PRF que intensificar\u00e3o suas atividades durante esse feriado.<\/p>\n<p>O excesso de velocidade, o uso de bebida alco\u00f3lica, as ultrapassagens indevidas s\u00e3o as infra\u00e7\u00f5es mais cometidas e estas infra\u00e7\u00f5es potencializam acidentes graves, principalmente onde h\u00e1 maior concentra\u00e7\u00e3o de ve\u00edculos, como em per\u00edmetros urbanos.<\/p>\n<p>Para melhorar a seguran\u00e7a, o feriado contar\u00e1 com restri\u00e7\u00e3o de tr\u00e1fego de alguns ve\u00edculos de carga em rodovias de pista simples. Caminh\u00f5es bitrens com dimens\u00f5es excedentes, caminh\u00f5es cegonhas e de transporte de ve\u00edculos e cargas paletizadas devem obedecer \u00e0 restri\u00e7\u00e3o:<\/p>\n<p>\u00b7 Quinta-feira, 01\/11\/2018 das 16h \u00e0s 22h<br \/>\n\u00b7 Sexta-feira, 02\/11\/2018 das 06h \u00e0s 12h<br \/>\n\u00b7 Domingo, 04\/11\/2018 das 16h \u00e0s 22h<\/p>\n<p><strong>Fonte:<\/strong><em> <a href=\"https:\/\/www.prf.gov.br\/agencia\/prf-inicia-nesta-quinta-feira-dia-1o-operacao-finados-2018\/\">Ag\u00eancia PRF<\/a><\/em><\/p>\n","protected":false},"excerpt":{"rendered":"<p>A Pol\u00edcia Rodovi\u00e1ria Federal (PRF) iniciar\u00e1 a Opera\u00e7\u00e3o Finados 2018, \u00e0s 00h desta quinta-feira, 01 de novembro, at\u00e9 \u00e0s 23h59 de domingo, dia 04. O objetivo da PRF \u00e9 incrementar as a\u00e7\u00f5es de policiamento e fiscaliza\u00e7\u00e3o com foco na preven\u00e7\u00e3o e redu\u00e7\u00e3o da gravidade dos acidentes de tr\u00e2nsito, bem como aumentar a percep\u00e7\u00e3o de seguran\u00e7a &hellip; <a href=\"https:\/\/news.truckpad.com.br\/?p=3463\" class=\"more-link\">Continue lendo <span class=\"screen-reader-text\">PRF inicia nesta quinta-feira dia 1\u00ba Opera\u00e7\u00e3o Finados \u2013 2018<\/span> <span class=\"meta-nav\">&rarr;<\/span><\/a><\/p>\n","protected":false},"author":6,"featured_media":3464,"comment_status":"open","ping_status":"open","sticky":false,"template":"","format":"standard","meta":{"footnotes":""},"categories":[113],"tags":[164,1155,114,208],"class_list":["post-3463","post","type-post","status-publish","format-standard","has-post-thumbnail","hentry","category-policia-rodoviaria-federal","tag-feriado","tag-operacao","tag-prf","tag-seguranca-nas-estradas"],"_links":{"self":[{"href":"https:\/\/news.truckpad.com.br\/index.php?rest_route=\/wp\/v2\/posts\/3463","targetHints":{"allow":["GET"]}}],"collection":[{"href":"https:\/\/news.truckpad.com.br\/index.php?rest_route=\/wp\/v2\/posts"}],"about":[{"href":"https:\/\/news.truckpad.com.br\/index.php?rest_route=\/wp\/v2\/types\/post"}],"author":[{"embeddable":true,"href":"https:\/\/news.truckpad.com.br\/index.php?rest_route=\/wp\/v2\/users\/6"}],"replies":[{"embeddable":true,"href":"https:\/\/news.truckpad.com.br\/index.php?rest_route=%2Fwp%2Fv2%2Fcomments&post=3463"}],"version-history":[{"count":0,"href":"https:\/\/news.truckpad.com.br\/index.php?rest_route=\/wp\/v2\/posts\/3463\/revisions"}],"wp:featuredmedia":[{"embeddable":true,"href":"https:\/\/news.truckpad.com.br\/index.php?rest_route=\/wp\/v2\/media\/3464"}],"wp:attachment":[{"href":"https:\/\/news.truckpad.com.br\/index.php?rest_route=%2Fwp%2Fv2%2Fmedia&parent=3463"}],"wp:term":[{"taxonomy":"category","embeddable":true,"href":"https:\/\/news.truckpad.com.br\/index.php?rest_route=%2Fwp%2Fv2%2Fcategories&post=3463"},{"taxonomy":"post_tag","embeddable":true,"href":"https:\/\/news.truckpad.com.br\/index.php?rest_route=%2Fwp%2Fv2%2Ftags&post=3463"}],"curies":[{"name":"wp","href":"https:\/\/api.w.org\/{rel}","templated":true}]}}