{"id":3511,"date":"2018-11-18T23:52:02","date_gmt":"2018-11-19T02:52:02","guid":{"rendered":"https:\/\/news.truckpad.com.br\/?p=3511"},"modified":"2018-11-18T23:52:02","modified_gmt":"2018-11-19T02:52:02","slug":"apos-interdicao-de-viaduto-prefeitura-libera-rodizio-de-veiculos-em-sao-paulo","status":"publish","type":"post","link":"https:\/\/news.truckpad.com.br\/?p=3511","title":{"rendered":"Ap\u00f3s interdi\u00e7\u00e3o de viaduto, prefeitura libera rod\u00edzio de ve\u00edculos em S\u00e3o Paulo"},"content":{"rendered":"<p>A Prefeitura de S\u00e3o Paulo vai liberar o rod\u00edzio municipal de ve\u00edculos em trecho da Marginal Pinheiros por causa dos transtornos provocados pela interdi\u00e7\u00e3o da via ap\u00f3s o viaduto localizado na altura do Parque Villa Lobos, na zona oeste da cidade, ceder cerca de dois metros, formando um grande degrau.<\/p>\n<p>A circula\u00e7\u00e3o de todos os ve\u00edculos ser\u00e1 liberada no sentido Castelo Branco, entre a Avenida dos Bandeirantes e a Ponte dos Rem\u00e9dios, a partir da pr\u00f3xima quarta-feira (21). At\u00e9 o dia 20, o rod\u00edzio j\u00e1 estava suspenso devido ao feriado prolongado.<\/p>\n<p>A decis\u00e3o tem o objetivo de minimizar os transtornos provocados pela interdi\u00e7\u00e3o total da pista expressa da Marginal Pinheiros para obras de recupera\u00e7\u00e3o do viaduto. A suspens\u00e3o ser\u00e1 adotada at\u00e9 a libera\u00e7\u00e3o total da pista.<\/p>\n<h2>Estrutura<\/h2>\n<p>A estrutura do viaduto localizado na altura do Parque Villa Lobos, na zona oeste da capital paulista, que cedeu na madrugada de ontem (15), sofreu uma movimenta\u00e7\u00e3o de sete mil\u00edmetros nesta manh\u00e3 (16). As a\u00e7\u00f5es para escoramento da estrutura foram aceleradas ap\u00f3s a movimenta\u00e7\u00e3o.<\/p>\n<p>\u201cA estrutura, quando rompe, tem que redistribuir os esfor\u00e7os internos. Ent\u00e3o \u00e9 isso que est\u00e1 acontecendo. Ela est\u00e1 se movimentando, distribuindo as tens\u00f5es. E vai aparecendo uma movimenta\u00e7\u00e3o ou outra. O nosso objetivo nesse momento \u00e9 garantir a seguran\u00e7a e fazer com que a estrutura n\u00e3o venha a colapso\u201d, disse o secret\u00e1rio municipal de Infraestrutura Urbana, Vitor Aly.<\/p>\n<p>\u201cEstamos acelerando as medidas de seguran\u00e7a no sentido de preservar a integridade do viaduto no que for poss\u00edvel para que a gente volte com seguran\u00e7a a pensar no que vamos fazer em termos de recupera\u00e7\u00e3o estrutural do viaduto\u201d, acrescentou.<\/p>\n<p>Segundo ele, o risco de desabamento ainda existe e o processo de escoramento da estrutura foi acelerado. Devido \u00e0 trepida\u00e7\u00e3o causada \u00e0 estrutura, a circula\u00e7\u00e3o de trens da Linha 9-Esmeralda, da CPTM, que passa sob o viaduto, foi interrompida entre as esta\u00e7\u00f5es Pinheiros e Ceasa na manh\u00e3 de hoje (16). As esta\u00e7\u00f5es Villa Lobos-Jaguar\u00e9 e Cidade Universit\u00e1ria est\u00e3o fechadas. O sistema de \u00f4nibus gratuito Paese foi acionado e faz a integra\u00e7\u00e3o no trecho interrompido.<\/p>\n<p>\u201cDepois do escoramento, n\u00f3s vamos estudar para saber o que aconteceu com a estrutura. N\u00f3s n\u00e3o sabemos o que aconteceu. \u00c9 exatamente isso, a falta de conhecimento do preju\u00edzo que foi esse acidente \u00e0 estrutura, o que causou os danos \u00e0 estrutura, n\u00e3o temos no\u00e7\u00e3o. Eu n\u00e3o sei se o cabo de prote\u00e7\u00e3o escoou, rompeu, n\u00e3o sabemos\u201d, disse o secret\u00e1rio.<\/p>\n<p>Fonte: <a href=\"http:\/\/brasilcaminhoneiro.com.br\/prefeitura-rodizio-suspenso-viaduto\/\">Brasil Caminhoneiro<\/a><\/p>\n<div class=\"td-a-rec td-a-rec-id-content_bottom  \"><\/div>\n","protected":false},"excerpt":{"rendered":"<p>A Prefeitura de S\u00e3o Paulo vai liberar o rod\u00edzio municipal de ve\u00edculos em trecho da Marginal Pinheiros por causa dos transtornos provocados pela interdi\u00e7\u00e3o da via ap\u00f3s o viaduto localizado na altura do Parque Villa Lobos, na zona oeste da cidade, ceder cerca de dois metros, formando um grande degrau. A circula\u00e7\u00e3o de todos os &hellip; <a href=\"https:\/\/news.truckpad.com.br\/?p=3511\" class=\"more-link\">Continue lendo <span class=\"screen-reader-text\">Ap\u00f3s interdi\u00e7\u00e3o de viaduto, prefeitura libera rod\u00edzio de ve\u00edculos em S\u00e3o Paulo<\/span> <span class=\"meta-nav\">&rarr;<\/span><\/a><\/p>\n","protected":false},"author":6,"featured_media":3512,"comment_status":"open","ping_status":"open","sticky":false,"template":"","format":"standard","meta":{"footnotes":""},"categories":[5,3],"tags":[1145,513,1203,183],"class_list":["post-3511","post","type-post","status-publish","format-standard","has-post-thumbnail","hentry","category-estradas","category-noticia","tag-pontes","tag-restricao-de-circulacao","tag-rodovia-castelo-branco","tag-sao-paulo"],"_links":{"self":[{"href":"https:\/\/news.truckpad.com.br\/index.php?rest_route=\/wp\/v2\/posts\/3511","targetHints":{"allow":["GET"]}}],"collection":[{"href":"https:\/\/news.truckpad.com.br\/index.php?rest_route=\/wp\/v2\/posts"}],"about":[{"href":"https:\/\/news.truckpad.com.br\/index.php?rest_route=\/wp\/v2\/types\/post"}],"author":[{"embeddable":true,"href":"https:\/\/news.truckpad.com.br\/index.php?rest_route=\/wp\/v2\/users\/6"}],"replies":[{"embeddable":true,"href":"https:\/\/news.truckpad.com.br\/index.php?rest_route=%2Fwp%2Fv2%2Fcomments&post=3511"}],"version-history":[{"count":0,"href":"https:\/\/news.truckpad.com.br\/index.php?rest_route=\/wp\/v2\/posts\/3511\/revisions"}],"wp:featuredmedia":[{"embeddable":true,"href":"https:\/\/news.truckpad.com.br\/index.php?rest_route=\/wp\/v2\/media\/3512"}],"wp:attachment":[{"href":"https:\/\/news.truckpad.com.br\/index.php?rest_route=%2Fwp%2Fv2%2Fmedia&parent=3511"}],"wp:term":[{"taxonomy":"category","embeddable":true,"href":"https:\/\/news.truckpad.com.br\/index.php?rest_route=%2Fwp%2Fv2%2Fcategories&post=3511"},{"taxonomy":"post_tag","embeddable":true,"href":"https:\/\/news.truckpad.com.br\/index.php?rest_route=%2Fwp%2Fv2%2Ftags&post=3511"}],"curies":[{"name":"wp","href":"https:\/\/api.w.org\/{rel}","templated":true}]}}