{"id":3569,"date":"2018-12-12T16:03:59","date_gmt":"2018-12-12T19:03:59","guid":{"rendered":"https:\/\/news.truckpad.com.br\/?p=3569"},"modified":"2018-12-12T16:03:59","modified_gmt":"2018-12-12T19:03:59","slug":"justica-do-rj-anula-aumento-de-pedagio-na-dutra","status":"publish","type":"post","link":"https:\/\/news.truckpad.com.br\/?p=3569","title":{"rendered":"Justi\u00e7a do RJ anula aumento de ped\u00e1gio na Dutra"},"content":{"rendered":"<div class=\"mc-column content-text active-extra-styles active-capital-letter\" data-block-type=\"unstyled\" data-block-weight=\"38\" data-block-id=\"1\">\n<p class=\"content-text__container theme-color-primary-first-letter\" data-track-category=\"Link no Texto\" data-track-links=\"\">A Justi\u00e7a Federal no Rio de Janeiro anulou na \u00faltima segunda-feira, 10, um aumento de ped\u00e1gio na Dutra. A rodovia Presidente Dutra liga S\u00e3o Paulo e Rio de Janeiro e \u00e9 administrada pelo grupo CCR.<\/p>\n<\/div>\n<div class=\"wall protected-content\">\n<div class=\"mc-column content-text active-extra-styles \" data-block-type=\"unstyled\" data-block-weight=\"37\" data-block-id=\"2\">\n<p class=\"content-text__container \" data-track-category=\"Link no Texto\" data-track-links=\"\">A decis\u00e3o acatou a\u00e7\u00e3o movida pelo Minist\u00e9rio P\u00fablico Federal (MPF), que questionava reajustes aplicados pela concession\u00e1ria nos anos 2010 e 2011. A medida determina a imediata redu\u00e7\u00e3o das tarifas de todas as pra\u00e7as de ped\u00e1gio da Novadutra.<\/p>\n<\/div>\n<div class=\"mc-column content-text active-extra-styles \" data-block-type=\"unstyled\" data-block-weight=\"71\" data-block-id=\"3\">\n<p class=\"content-text__container \" data-track-category=\"Link no Texto\" data-track-links=\"\">Segundo o MPF, a concession\u00e1ria Novadutra, controlada pela CCR, e a Ag\u00eancia Nacional de Transportes Terrestres (ANTT) foram condenadas a recalcular os reajustes de 2010 e 2011 considerando a aplica\u00e7\u00e3o da cl\u00e1usula 57 do Contrato de Concess\u00e3o, mantendo a aplica\u00e7\u00e3o do IPCA a partir de 2012, bem como a implementar imediatamente as tarifas de 2018 resultantes dos rec\u00e1lculos. O \u00f3rg\u00e3o n\u00e3o informou para quanto os valores de ped\u00e1gio devem ser reduzidos.<\/p>\n<\/div>\n<div class=\"mc-column content-text active-extra-styles \" data-block-type=\"unstyled\" data-block-weight=\"41\" data-block-id=\"4\">\n<p class=\"content-text__container \" data-track-category=\"Link no Texto\" data-track-links=\"\">Para o MPF, desde 2010 a tarifa dos ped\u00e1gios na via tem sido indevidamente majorada. Os procuradores defendem que ap\u00f3s obras de recupera\u00e7\u00e3o feitas pela ANTT naquele ano, as cl\u00e1usulas de reajuste de ped\u00e1gio deveriam ter mudado, o que n\u00e3o aconteceu.<\/p>\n<\/div>\n<div class=\"mc-column content-text active-extra-styles \" data-block-type=\"unstyled\" data-block-weight=\"42\" data-block-id=\"5\">\n<p class=\"content-text__container \" data-track-category=\"Link no Texto\" data-track-links=\"\">Segundo a Justi\u00e7a Federal, ANTT e concession\u00e1ria entenderam equivocadamente pela manuten\u00e7\u00e3o da f\u00f3rmula de reajuste. \u201cEsta conduta causou consider\u00e1veis preju\u00edzos aos usu\u00e1rios, que foram onerados por estas resolu\u00e7\u00f5es que n\u00e3o atendem aos limites contratuais e nem \u00e0 forma necess\u00e1ria para a altera\u00e7\u00e3o\u201d.<\/p>\n<\/div>\n<div class=\"mc-column content-text active-extra-styles \" data-block-type=\"unstyled\" data-block-weight=\"8\" data-block-id=\"6\">\n<p class=\"content-text__container \" data-track-category=\"Link no Texto\" data-track-links=\"\">A ANTT ainda n\u00e3o se manifestou sobre o ocorrido.<\/p>\n<\/div>\n<div data-track-category=\"fim do conteudo\" data-track-action=\"ultimo chunk conteudo\" data-track-noninteraction=\"false\" data-track-scroll=\"entrada completa viewport\">\n<div class=\"mc-column content-text active-extra-styles \" data-block-type=\"unstyled\" data-block-weight=\"31\" data-block-id=\"7\">\n<p class=\"content-text__container \" data-track-category=\"Link no Texto\" data-track-links=\"\">Em nota, a CCR Novadutra afirmou que vai apresentar recurso contra a decis\u00e3o, que deve ser suspensa at\u00e9 que o Tribunal Regional Federal da 2\u00aa Regi\u00e3o aprecie a quest\u00e3o.<\/p>\n<\/div>\n<\/div>\n<\/div>\n<p data-track-category=\"Link no Texto\" data-track-links=\"\"><strong>Com informa\u00e7\u00f5es do <a href=\"https:\/\/g1.globo.com\/economia\/noticia\/2018\/12\/10\/justica-do-rj-ordena-reducao-do-pedagio-da-via-dutra-concessionaria-vai-recorrer2018.ghtml\" target=\"_blank\" rel=\"noopener\">Portal G1<\/a><\/p>\n<p><\/strong>Fonte: <a href=\"https:\/\/www.penaestrada.com.br\/justica-do-rj-anula-aumento-de-pedagio-na-dutra\/\">P\u00e9 na Estrada<\/a><\/p>\n","protected":false},"excerpt":{"rendered":"<p>A Justi\u00e7a Federal no Rio de Janeiro anulou na \u00faltima segunda-feira, 10, um aumento de ped\u00e1gio na Dutra. A rodovia Presidente Dutra liga S\u00e3o Paulo e Rio de Janeiro e \u00e9 administrada pelo grupo CCR. A decis\u00e3o acatou a\u00e7\u00e3o movida pelo Minist\u00e9rio P\u00fablico Federal (MPF), que questionava reajustes aplicados pela concession\u00e1ria nos anos 2010 e &hellip; <a href=\"https:\/\/news.truckpad.com.br\/?p=3569\" class=\"more-link\">Continue lendo <span class=\"screen-reader-text\">Justi\u00e7a do RJ anula aumento de ped\u00e1gio na Dutra<\/span> <span class=\"meta-nav\">&rarr;<\/span><\/a><\/p>\n","protected":false},"author":6,"featured_media":3572,"comment_status":"open","ping_status":"open","sticky":false,"template":"","format":"standard","meta":{"footnotes":""},"categories":[3,152],"tags":[1100,658,153,588],"class_list":["post-3569","post","type-post","status-publish","format-standard","has-post-thumbnail","hentry","category-noticia","category-pedagios","tag-ccr","tag-nova-dutra","tag-pedagio","tag-rio-de-janeiro"],"_links":{"self":[{"href":"https:\/\/news.truckpad.com.br\/index.php?rest_route=\/wp\/v2\/posts\/3569","targetHints":{"allow":["GET"]}}],"collection":[{"href":"https:\/\/news.truckpad.com.br\/index.php?rest_route=\/wp\/v2\/posts"}],"about":[{"href":"https:\/\/news.truckpad.com.br\/index.php?rest_route=\/wp\/v2\/types\/post"}],"author":[{"embeddable":true,"href":"https:\/\/news.truckpad.com.br\/index.php?rest_route=\/wp\/v2\/users\/6"}],"replies":[{"embeddable":true,"href":"https:\/\/news.truckpad.com.br\/index.php?rest_route=%2Fwp%2Fv2%2Fcomments&post=3569"}],"version-history":[{"count":0,"href":"https:\/\/news.truckpad.com.br\/index.php?rest_route=\/wp\/v2\/posts\/3569\/revisions"}],"wp:featuredmedia":[{"embeddable":true,"href":"https:\/\/news.truckpad.com.br\/index.php?rest_route=\/wp\/v2\/media\/3572"}],"wp:attachment":[{"href":"https:\/\/news.truckpad.com.br\/index.php?rest_route=%2Fwp%2Fv2%2Fmedia&parent=3569"}],"wp:term":[{"taxonomy":"category","embeddable":true,"href":"https:\/\/news.truckpad.com.br\/index.php?rest_route=%2Fwp%2Fv2%2Fcategories&post=3569"},{"taxonomy":"post_tag","embeddable":true,"href":"https:\/\/news.truckpad.com.br\/index.php?rest_route=%2Fwp%2Fv2%2Ftags&post=3569"}],"curies":[{"name":"wp","href":"https:\/\/api.w.org\/{rel}","templated":true}]}}