{"id":3589,"date":"2019-01-08T19:13:46","date_gmt":"2019-01-08T22:13:46","guid":{"rendered":"https:\/\/news.truckpad.com.br\/?p=3589"},"modified":"2019-01-08T19:13:46","modified_gmt":"2019-01-08T22:13:46","slug":"subsidio-ao-diesel-chega-ao-fim-petrobras-eleva-precos","status":"publish","type":"post","link":"https:\/\/news.truckpad.com.br\/?p=3589","title":{"rendered":"Subs\u00eddio ao diesel chega ao fim, Petrobras eleva pre\u00e7os"},"content":{"rendered":"<p style=\"text-align: left;\">O ministro de Minas e Energia, Bento Albuquerque, afirmou que n\u00e3o haver\u00e1 mais subs\u00eddio ao diesel, medida que foi adotada pelo governo Temer.<\/p>\n<p style=\"text-align: left;\">\u00a0\u201cIsso [subs\u00eddio] acabou no dia 31 de dezembro. N\u00e3o \u00e9 uma quest\u00e3o de subs\u00eddio ao diesel, \u00e9 uma quest\u00e3o de n\u00f3s deixarmos o mercado estabelecer os pre\u00e7os. Isso n\u00e3o pode ser feito s\u00f3 com o combust\u00edvel. Tem que levar em considera\u00e7\u00e3o o frete e outras condicionantes que levam ao estabelecimento dos pre\u00e7os\u201d, disse.<\/p>\n<p style=\"text-align: left;\">Albuquerque disse ainda que n\u00e3o h\u00e1 n\u00e3o h\u00e1 interesse do governo Bolsonaro em interferir na pol\u00edtica de pre\u00e7os dos combust\u00edveis, mas que trabalha junto da\u00a0Ag\u00eancia Nacional do Petr\u00f3leo, G\u00e1s Natural e Biocombust\u00edveis (ANP) para dar\u00a0mais transpar\u00eancia a esta pol\u00edtica.<\/p>\n<p style=\"text-align: left;\">\u201cQuando damos transpar\u00eancia a esse processo, podemos fazer algumas corre\u00e7\u00f5es, eliminar subs\u00eddios e tornar mais claro aquilo que \u00e9 justo que seja pago pelo combust\u00edvel\u201d, disse o ministro, ap\u00f3s participar da cerim\u00f4nia de posse do presidente da Petrobras, Roberto Castello Branco.<\/p>\n<h2 style=\"text-align: left;\"><strong>Pre\u00e7o j\u00e1 subiu<\/strong><\/h2>\n<p style=\"text-align: left;\">Segundo a\u00a0Petrobras, por causa do fim do subs\u00eddio do diesel, a estatal decidiu\u00a0elevar o pre\u00e7o do combust\u00edvel nas refinarias e terminais em 2,5%, alta de\u00a0R$ 0,0457.<\/p>\n<p style=\"text-align: left;\">\u201cO novo pre\u00e7o, entrou em vigor a partir da zero hora do dia 1\u00ba, \u00e9 inferior em 11,75% ao de 31 de maio de 2018, de R$ 2,1016, o \u00faltimo antes do in\u00edcio do programa governamental. Esta altera\u00e7\u00e3o \u00e9 consequ\u00eancia da varia\u00e7\u00e3o do c\u00e2mbio e do pre\u00e7o internacional do diesel no per\u00edodo\u201d, explica em nota.<\/p>\n<p style=\"text-align: left;\"><strong>Adaptado de:<\/strong> <a href=\"https:\/\/www.penaestrada.com.br\/subsidio-ao-diesel-chega-ao-fim-petrobras-eleva-precos\/\">P\u00e9 na estrada<\/a><\/p>\n","protected":false},"excerpt":{"rendered":"<p>O ministro de Minas e Energia, Bento Albuquerque, afirmou que n\u00e3o haver\u00e1 mais subs\u00eddio ao diesel, medida que foi adotada pelo governo Temer. \u00a0\u201cIsso [subs\u00eddio] acabou no dia 31 de dezembro. N\u00e3o \u00e9 uma quest\u00e3o de subs\u00eddio ao diesel, \u00e9 uma quest\u00e3o de n\u00f3s deixarmos o mercado estabelecer os pre\u00e7os. Isso n\u00e3o pode ser feito &hellip; <a href=\"https:\/\/news.truckpad.com.br\/?p=3589\" class=\"more-link\">Continue lendo <span class=\"screen-reader-text\">Subs\u00eddio ao diesel chega ao fim, Petrobras eleva pre\u00e7os<\/span> <span class=\"meta-nav\">&rarr;<\/span><\/a><\/p>\n","protected":false},"author":17,"featured_media":3590,"comment_status":"open","ping_status":"open","sticky":false,"template":"","format":"standard","meta":{"footnotes":""},"categories":[6,3],"tags":[575,1160,1223],"class_list":["post-3589","post","type-post","status-publish","format-standard","has-post-thumbnail","hentry","category-combustivel","category-noticia","tag-aumento-do-diesel","tag-petrobras","tag-precos"],"_links":{"self":[{"href":"https:\/\/news.truckpad.com.br\/index.php?rest_route=\/wp\/v2\/posts\/3589","targetHints":{"allow":["GET"]}}],"collection":[{"href":"https:\/\/news.truckpad.com.br\/index.php?rest_route=\/wp\/v2\/posts"}],"about":[{"href":"https:\/\/news.truckpad.com.br\/index.php?rest_route=\/wp\/v2\/types\/post"}],"author":[{"embeddable":true,"href":"https:\/\/news.truckpad.com.br\/index.php?rest_route=\/wp\/v2\/users\/17"}],"replies":[{"embeddable":true,"href":"https:\/\/news.truckpad.com.br\/index.php?rest_route=%2Fwp%2Fv2%2Fcomments&post=3589"}],"version-history":[{"count":0,"href":"https:\/\/news.truckpad.com.br\/index.php?rest_route=\/wp\/v2\/posts\/3589\/revisions"}],"wp:featuredmedia":[{"embeddable":true,"href":"https:\/\/news.truckpad.com.br\/index.php?rest_route=\/wp\/v2\/media\/3590"}],"wp:attachment":[{"href":"https:\/\/news.truckpad.com.br\/index.php?rest_route=%2Fwp%2Fv2%2Fmedia&parent=3589"}],"wp:term":[{"taxonomy":"category","embeddable":true,"href":"https:\/\/news.truckpad.com.br\/index.php?rest_route=%2Fwp%2Fv2%2Fcategories&post=3589"},{"taxonomy":"post_tag","embeddable":true,"href":"https:\/\/news.truckpad.com.br\/index.php?rest_route=%2Fwp%2Fv2%2Ftags&post=3589"}],"curies":[{"name":"wp","href":"https:\/\/api.w.org\/{rel}","templated":true}]}}