{"id":3687,"date":"2019-01-31T15:37:19","date_gmt":"2019-01-31T18:37:19","guid":{"rendered":"https:\/\/news.truckpad.com.br\/?p=3687"},"modified":"2019-01-31T15:37:19","modified_gmt":"2019-01-31T18:37:19","slug":"ministros-apresentam-estrategia-conjunta-para-escoamento-da-safra-2018-2019","status":"publish","type":"post","link":"https:\/\/news.truckpad.com.br\/?p=3687","title":{"rendered":"Ministros apresentam estrat\u00e9gia conjunta para escoamento da safra 2018\/2019"},"content":{"rendered":"<p>O ministro da Infraestrutura, Tarc\u00edsio Gomes de Freitas, apresentou, nesta quarta-feira (30), ao lado dos ministros S\u00e9rgio Moro, da Justi\u00e7a e Seguran\u00e7a P\u00fablica, Tereza Cristina, da Agricultura, e general Fernando Azevedo, da Defesa, a Opera\u00e7\u00e3o Radar, uma estrat\u00e9gia integrada para escoamento da safra 2018\/2019. O foco da a\u00e7\u00e3o est\u00e1 na BR-163\/PA, principal rota de escoamento da safra de gr\u00e3os no Brasil.<\/p>\n<p>A opera\u00e7\u00e3o, que teve in\u00edcio no dia 2 de dezembro de 2018 e segue at\u00e9 maio de 2019, traz uma s\u00e9rie de medidas, como a instala\u00e7\u00e3o de bases operacionais em tr\u00eas trechos da BR (pontos cr\u00edticos), localizados entre os munic\u00edpios de Novo Progresso e Moraes Almeida; mobiliza\u00e7\u00e3o de mais de 900 pessoas de equipes do DNIT e do Ex\u00e9rcito; implanta\u00e7\u00e3o de sinaliza\u00e7\u00e3o espec\u00edfica para controle do tr\u00e1fego, e envio de mais de 40 ve\u00edculos e equipamentos especiais, como picapes, retroescavadeiras, containers, caminh\u00f5es carroceria, caminh\u00f5es tanque, tratores agr\u00edcolas, motoniveladoras, escavadeiras hidr\u00e1ulicas e cavalos mec\u00e2nicos com reboque.<\/p>\n<p>\u201cOrganizamos esta grande opera\u00e7\u00e3o para evitar a forma\u00e7\u00e3o de filas e permitir que o escoamento chegue tranquilamente aos portos do Arco Norte, que vem crescendo cada vez mais. Esse trabalho coordenado \u00e9 para fazer com que o Estado cumpra o seu papel de ajudar quem est\u00e1 produzindo, quem est\u00e1 gerando emprego e, no final das contas, que isso conduza ao crescimento econ\u00f4mico, \u00e0 equidade social, que \u00e9 o que todos almejam\u201d, explicou o ministro Tarc\u00edsio Freitas.<\/p>\n<p>Tamb\u00e9m participaram da apresenta\u00e7\u00e3o da estrat\u00e9gia o general-de-Divis\u00e3o J\u00falio Cesar Arruda, vice-chefe do Departamento de Engenharia e Constru\u00e7\u00e3o do Ex\u00e9rcito, Adriano Marcos Furtado, diretor-geral da Pol\u00edcia Rodovi\u00e1ria Federal (PRF), e general Santos Filho, diretor-geral do Departamento Nacional de Infraestrutura de Transportes (DNIT).<\/p>\n<p>Essa for\u00e7a-tarefa foi criada em 2017 para garantir o tr\u00e1fego de commodities, como a soja, que saem do Mato Grosso rumo aos portos do Arco Norte pela BR-163 no estado do Par\u00e1. Dos 707,4 quil\u00f4metros da BR-163\/PA, faltam 51 quil\u00f4metros a serem asfaltados, divididos em dois lotes: 3 quil\u00f4metros, na Vila do Caracol, sob a responsabilidade da Construtora Agrienge, e 48 quil\u00f4metros em Moraes de Almeida, sob responsabilidade do Ex\u00e9rcito.<\/p>\n<p>As equipes de inspe\u00e7\u00e3o percorrem os trechos para avaliar a trafegabilidade e a necessidade de servi\u00e7os de manuten\u00e7\u00e3o preventiva na pista. Em casos de emerg\u00eancia, a equipe comunica os agentes de tr\u00e2nsito locais, que fazem a interdi\u00e7\u00e3o da rodovia, iniciando, se necess\u00e1rio, a opera\u00e7\u00e3o Pare e Siga. Por este sistema, utiliza-se apenas um dos lados da pista, alternando os sentidos do tr\u00e1fego para dar vaz\u00e3o a todos os ve\u00edculos. Em casos de emerg\u00eancia, tamb\u00e9m s\u00e3o disponibilizadas equipes de assist\u00eancia de sa\u00fade, distribui\u00e7\u00e3o de kits de alimentos e \u00e1gua aos caminhoneiros.<\/p>\n<p>O monitoramento resulta na produ\u00e7\u00e3o de dois boletins di\u00e1rios atualizados conforme as condi\u00e7\u00f5es de trafegabilidade da rodovia. Os relat\u00f3rios s\u00e3o disponibilizados no endere\u00e7o eletr\u00f4nico www.br163pa.com. Al\u00e9m disso, o DNIT tamb\u00e9m tem uma parceria com o aplicativo Waze pra facilitar a atualiza\u00e7\u00e3o das informa\u00e7\u00f5es para o p\u00fablico.<\/p>\n<p>Uma das principais metas do ministro Tarc\u00edsio Freitas, a conclus\u00e3o total da pavimenta\u00e7\u00e3o do trecho entre a divisa do estado do Mato Grosso at\u00e9 Santar\u00e9m, Par\u00e1, est\u00e1 estimada em R$ 2,55 bilh\u00f5es.<\/p>\n<p>Tamb\u00e9m participaram da apresenta\u00e7\u00e3o representantes das associa\u00e7\u00f5es produtoras de gr\u00e3os: Associa\u00e7\u00e3o Mato-grossense do Algod\u00e3o (Ampa), Associa\u00e7\u00e3o dos Produtores de Soja e Milho do Estado de Mato Grosso (Aprosoja) e Associa\u00e7\u00e3o Brasileira das Ind\u00fastrias de \u00d3leos Vegetais (Abiove).<\/p>\n<p><strong>Safra<\/strong><\/p>\n<p>Segundo a Companhia Nacional de Abastecimento (Conab), a produ\u00e7\u00e3o estimada para a safra 2018\/19 \u00e9 de 237,3 milh\u00f5es de toneladas, crescimento de 4,2% em rela\u00e7\u00e3o \u00e0 safra passada. Esse resultado representa, at\u00e9 o momento atual, a possibilidade de aumento na produ\u00e7\u00e3o brasileira de 9,54 milh\u00f5es de toneladas. At\u00e9 ent\u00e3o, o recorde \u00e9 da safra 2016\/17, que fechou em 237,6 milh\u00f5es. Entre os destaques do estudo da Conab, est\u00e3o a soja, que deve atingir 118,8 milh\u00f5es de toneladas, e o milho primeira safra, que deve resultar em uma produ\u00e7\u00e3o de 27,5 milh\u00f5es de toneladas.<\/p>\n<p>Fonte: <a href=\"https:\/\/blogdocaminhoneiro.com\/2019\/01\/ministros-apresentam-estrategia-conjunta-para-escoamento-da-safra-2018-2019\/\">Blog do Caminhoneiro<\/a><\/p>\n","protected":false},"excerpt":{"rendered":"<p>O ministro da Infraestrutura, Tarc\u00edsio Gomes de Freitas, apresentou, nesta quarta-feira (30), ao lado dos ministros S\u00e9rgio Moro, da Justi\u00e7a e Seguran\u00e7a P\u00fablica, Tereza Cristina, da Agricultura, e general Fernando Azevedo, da Defesa, a Opera\u00e7\u00e3o Radar, uma estrat\u00e9gia integrada para escoamento da safra 2018\/2019. O foco da a\u00e7\u00e3o est\u00e1 na BR-163\/PA, principal rota de escoamento &hellip; <a href=\"https:\/\/news.truckpad.com.br\/?p=3687\" class=\"more-link\">Continue lendo <span class=\"screen-reader-text\">Ministros apresentam estrat\u00e9gia conjunta para escoamento da safra 2018\/2019<\/span> <span class=\"meta-nav\">&rarr;<\/span><\/a><\/p>\n","protected":false},"author":17,"featured_media":3688,"comment_status":"open","ping_status":"open","sticky":false,"template":"","format":"standard","meta":{"footnotes":""},"categories":[4,5,3],"tags":[1079,764,280],"class_list":["post-3687","post","type-post","status-publish","format-standard","has-post-thumbnail","hentry","category-caminhoes","category-estradas","category-noticia","tag-br-116","tag-escoamento","tag-safra"],"_links":{"self":[{"href":"https:\/\/news.truckpad.com.br\/index.php?rest_route=\/wp\/v2\/posts\/3687","targetHints":{"allow":["GET"]}}],"collection":[{"href":"https:\/\/news.truckpad.com.br\/index.php?rest_route=\/wp\/v2\/posts"}],"about":[{"href":"https:\/\/news.truckpad.com.br\/index.php?rest_route=\/wp\/v2\/types\/post"}],"author":[{"embeddable":true,"href":"https:\/\/news.truckpad.com.br\/index.php?rest_route=\/wp\/v2\/users\/17"}],"replies":[{"embeddable":true,"href":"https:\/\/news.truckpad.com.br\/index.php?rest_route=%2Fwp%2Fv2%2Fcomments&post=3687"}],"version-history":[{"count":0,"href":"https:\/\/news.truckpad.com.br\/index.php?rest_route=\/wp\/v2\/posts\/3687\/revisions"}],"wp:featuredmedia":[{"embeddable":true,"href":"https:\/\/news.truckpad.com.br\/index.php?rest_route=\/wp\/v2\/media\/3688"}],"wp:attachment":[{"href":"https:\/\/news.truckpad.com.br\/index.php?rest_route=%2Fwp%2Fv2%2Fmedia&parent=3687"}],"wp:term":[{"taxonomy":"category","embeddable":true,"href":"https:\/\/news.truckpad.com.br\/index.php?rest_route=%2Fwp%2Fv2%2Fcategories&post=3687"},{"taxonomy":"post_tag","embeddable":true,"href":"https:\/\/news.truckpad.com.br\/index.php?rest_route=%2Fwp%2Fv2%2Ftags&post=3687"}],"curies":[{"name":"wp","href":"https:\/\/api.w.org\/{rel}","templated":true}]}}