{"id":3788,"date":"2019-02-20T19:52:31","date_gmt":"2019-02-20T22:52:31","guid":{"rendered":"https:\/\/news.truckpad.com.br\/?p=3788"},"modified":"2019-02-20T19:52:31","modified_gmt":"2019-02-20T22:52:31","slug":"companhia-docas-tem-projeto-de-patio-para-caminhoes-no-porto-de-santos","status":"publish","type":"post","link":"https:\/\/news.truckpad.com.br\/?p=3788","title":{"rendered":"Companhia Docas tem projeto de p\u00e1tio para caminh\u00f5es no porto de Santos"},"content":{"rendered":"<p style=\"text-align: center;\">\u00c1rea na Avenida Engenheiro Augusto Barata foi cedida pela SPU h\u00e1 dois anos, por\u00e9m, projeto que prev\u00ea criar 800 vagas n\u00e3o avan\u00e7ou por conta da demora na cess\u00e3o definitiva<\/p>\n<p>A falta de locais para estacionamento de caminh\u00f5es no Porto de Santos \u00e9 antiga. A Companhia Docas do Estado de S\u00e3o Paulo (Codesp) chegou a anunciar um projeto para o terreno que pertencia \u00e0 antiga Rede Ferrovi\u00e1ria Federal S.A. (RFFSA), na Alemoa. Por\u00e9m, a Secretaria de Patrim\u00f4nio da Uni\u00e3o (SPU) revogou a cess\u00e3o da \u00e1rea.<\/p>\n<p>O terreno, com 226,7 mil metros quadrados, fica na Avenida Engenheiro Augusto Barata (o Ret\u00e3o da Alemoa). A \u00e1rea foi cedida pela SPU em junho de 2016, autorizando o uso da gleba pela Codesp.<\/p>\n<p>Na ocasi\u00e3o, a Docas afirmou que daria in\u00edcio ao licenciamento ambiental para desenvolver o projeto elaborado para a \u00e1rea, que teria vagas para 800 ve\u00edculos. Por\u00e9m, o projeto n\u00e3o avan\u00e7ou por conta da demora na cess\u00e3o definitiva da \u00e1rea. Segundo a Prefeitura de Santos, desde o in\u00edcio da atual gest\u00e3o, a administra\u00e7\u00e3o tamb\u00e9m tenta libera\u00e7\u00e3o, via SPU.<\/p>\n<p>\u201cO Governo Federal se comprometeu a liberar a \u00e1rea para a Codesp, mas a empresa n\u00e3o iniciou as interven\u00e7\u00f5es necess\u00e1rias para que o local se torne um p\u00e1tio de estacionamento de caminh\u00f5es\u201d, relatou a prefeitura.<\/p>\n<p>A administra\u00e7\u00e3o municipal ainda aponta que, na \u00faltima quarta-feira (13), o prefeito Paulo Alexandre Barbosa (PSDB) se reuniu com o ministro da Infraestrutura, Tarc\u00edsio Gomes de Freitas, e pediu um estudo urgente de um p\u00e1tio estruturado para estacionamento de caminh\u00f5es no Porto.<\/p>\n<p>Procurada, a Codesp informou que \u201ca diretoria rec\u00e9m-empossada revisar\u00e1 todos os planos para melhoria na efici\u00eancia portu\u00e1ria e, oportunamente, discutir\u00e1 com as partes interessadas sobre a condu\u00e7\u00e3o do tema\u201d, em refer\u00eancia ao projeto do estacionamento.<\/p>\n<p>Fonte: <a href=\"https:\/\/www.atribuna.com.br\/noticias\/portoemar\/companhia-docas-tem-projeto-de-p%C3%A1tio-para-caminh%C3%B5es-1.13923\">A Tribuna<\/a><\/p>\n","protected":false},"excerpt":{"rendered":"<p>\u00c1rea na Avenida Engenheiro Augusto Barata foi cedida pela SPU h\u00e1 dois anos, por\u00e9m, projeto que prev\u00ea criar 800 vagas n\u00e3o avan\u00e7ou por conta da demora na cess\u00e3o definitiva A falta de locais para estacionamento de caminh\u00f5es no Porto de Santos \u00e9 antiga. A Companhia Docas do Estado de S\u00e3o Paulo (Codesp) chegou a anunciar &hellip; <a href=\"https:\/\/news.truckpad.com.br\/?p=3788\" class=\"more-link\">Continue lendo <span class=\"screen-reader-text\">Companhia Docas tem projeto de p\u00e1tio para caminh\u00f5es no porto de Santos<\/span> <span class=\"meta-nav\">&rarr;<\/span><\/a><\/p>\n","protected":false},"author":17,"featured_media":3789,"comment_status":"open","ping_status":"open","sticky":false,"template":"","format":"standard","meta":{"footnotes":""},"categories":[4,3],"tags":[735,1310,405,739],"class_list":["post-3788","post","type-post","status-publish","format-standard","has-post-thumbnail","hentry","category-caminhoes","category-noticia","tag-estacionamento","tag-estacionamento-de-caminhoes","tag-porto","tag-porto-de-santos"],"_links":{"self":[{"href":"https:\/\/news.truckpad.com.br\/index.php?rest_route=\/wp\/v2\/posts\/3788","targetHints":{"allow":["GET"]}}],"collection":[{"href":"https:\/\/news.truckpad.com.br\/index.php?rest_route=\/wp\/v2\/posts"}],"about":[{"href":"https:\/\/news.truckpad.com.br\/index.php?rest_route=\/wp\/v2\/types\/post"}],"author":[{"embeddable":true,"href":"https:\/\/news.truckpad.com.br\/index.php?rest_route=\/wp\/v2\/users\/17"}],"replies":[{"embeddable":true,"href":"https:\/\/news.truckpad.com.br\/index.php?rest_route=%2Fwp%2Fv2%2Fcomments&post=3788"}],"version-history":[{"count":0,"href":"https:\/\/news.truckpad.com.br\/index.php?rest_route=\/wp\/v2\/posts\/3788\/revisions"}],"wp:featuredmedia":[{"embeddable":true,"href":"https:\/\/news.truckpad.com.br\/index.php?rest_route=\/wp\/v2\/media\/3789"}],"wp:attachment":[{"href":"https:\/\/news.truckpad.com.br\/index.php?rest_route=%2Fwp%2Fv2%2Fmedia&parent=3788"}],"wp:term":[{"taxonomy":"category","embeddable":true,"href":"https:\/\/news.truckpad.com.br\/index.php?rest_route=%2Fwp%2Fv2%2Fcategories&post=3788"},{"taxonomy":"post_tag","embeddable":true,"href":"https:\/\/news.truckpad.com.br\/index.php?rest_route=%2Fwp%2Fv2%2Ftags&post=3788"}],"curies":[{"name":"wp","href":"https:\/\/api.w.org\/{rel}","templated":true}]}}