{"id":4051,"date":"2019-04-01T18:05:52","date_gmt":"2019-04-01T21:05:52","guid":{"rendered":"https:\/\/news.truckpad.com.br\/?p=4051"},"modified":"2019-04-01T18:05:52","modified_gmt":"2019-04-01T21:05:52","slug":"presidente-jair-bolsonaro-cancela-instalacao-de-8-mil-radares-em-estradas-do-pais","status":"publish","type":"post","link":"https:\/\/news.truckpad.com.br\/?p=4051","title":{"rendered":"Presidente Jair Bolsonaro cancela instala\u00e7\u00e3o de 8 mil radares em estradas do pa\u00eds"},"content":{"rendered":"<p>O presidente Jair Bolsonaro disse ontem (31\/03) ter barrado a instala\u00e7\u00e3o de mais de 8 mil radares eletr\u00f4nicos em estradas do pa\u00eds, alegando que o objetivo principal da instala\u00e7\u00e3o \u00e9 arrecadar recursos para os estados.<\/p>\n<p>\u201cAp\u00f3s revela\u00e7\u00e3o do Minist\u00e9rio da Infraestrutura de pedidos prontos de mais de 8.000 novos radares eletr\u00f4nicos na rodovias federais do pa\u00eds, determinei de imediato o cancelamento de suas instala\u00e7\u00f5es. Sabemos que a grande maioria destes t\u00eam o \u00fanico intuito de retomo financeiro ao estado\u201d, escreveu o presidente em sua conta oficial do Twitter.<\/p>\n<p>Bolsonaro disse ainda que no momento de renova\u00e7\u00e3o dos contratos de rodovias concedidas, far\u00e1 uma avalia\u00e7\u00e3o sobre a necessidade de que radares j\u00e1 instalados continuem onde est\u00e3o.<\/p>\n<div>\n<div><span class=\"ctaText\">LEIA MAIS:<\/span>\u00a0<a href=\"https:\/\/www.truckpad.com.br\/dl\/news\/4044\">Bolsonaro tem &#8216;um amor muito grande&#8217; pelos caminhoneiros, diz ministro<\/a><\/div>\n<div><\/div>\n<\/div>\n<p>\u201cAo renovar as concess\u00f5es de trechos rodovi\u00e1rios, revisaremos todos os contratos de radares verificando a real necessidade de sua exist\u00eancia para que n\u00e3o sobrem d\u00favidas do enriquecimento de poucos em detrimento da paz do motorista\u201d, disse.<\/p>\n<div>\n<div><span class=\"ctaText\">LEIA MAIS:\u00a0<a href=\"https:\/\/www.truckpad.com.br\/dl\/news\/4048\">Caminhoneiro deve ser indenizado por acidente ocasionado por buraco em rodovia<\/a><\/span><\/div>\n<div><\/div>\n<\/div>\n<p><iframe loading=\"lazy\" src=\"https:\/\/www.facebook.com\/plugins\/post.php?href=https%3A%2F%2Fwww.facebook.com%2Fjairmessias.bolsonaro%2Fposts%2F1412754658873516&amp;width=800&amp;show_text=true&amp;appId=182547345965307&amp;height=244\" width=\"800\" height=\"244\" frameborder=\"0\" scrolling=\"no\" data-mce-fragment=\"1\"><\/iframe><\/p>\n<p><strong>Fonte:<\/strong>\u00a0<a href=\"http:\/\/agenciabrasil.ebc.com.br\/geral\/noticia\/2019-03\/bolsonaro-cancela-instalacao-de-8-mil-radares-em-estradas-do-pais\"><em>Ag\u00eancia Brasil<\/em><\/a><\/p>\n","protected":false},"excerpt":{"rendered":"<p>O presidente Jair Bolsonaro disse ontem (31\/03) ter barrado a instala\u00e7\u00e3o de mais de 8 mil radares eletr\u00f4nicos em estradas do pa\u00eds, alegando que o objetivo principal da instala\u00e7\u00e3o \u00e9 arrecadar recursos para os estados. \u201cAp\u00f3s revela\u00e7\u00e3o do Minist\u00e9rio da Infraestrutura de pedidos prontos de mais de 8.000 novos radares eletr\u00f4nicos na rodovias federais do &hellip; <a href=\"https:\/\/news.truckpad.com.br\/?p=4051\" class=\"more-link\">Continue lendo <span class=\"screen-reader-text\">Presidente Jair Bolsonaro cancela instala\u00e7\u00e3o de 8 mil radares em estradas do pa\u00eds<\/span> <span class=\"meta-nav\">&rarr;<\/span><\/a><\/p>\n","protected":false},"author":17,"featured_media":4053,"comment_status":"open","ping_status":"open","sticky":false,"template":"","format":"standard","meta":{"footnotes":""},"categories":[5,3],"tags":[1264,1393,1358,1316],"class_list":["post-4051","post","type-post","status-publish","format-standard","has-post-thumbnail","hentry","category-estradas","category-noticia","tag-bolsonaro","tag-instalacao-de-radar","tag-presidente","tag-radares"],"_links":{"self":[{"href":"https:\/\/news.truckpad.com.br\/index.php?rest_route=\/wp\/v2\/posts\/4051","targetHints":{"allow":["GET"]}}],"collection":[{"href":"https:\/\/news.truckpad.com.br\/index.php?rest_route=\/wp\/v2\/posts"}],"about":[{"href":"https:\/\/news.truckpad.com.br\/index.php?rest_route=\/wp\/v2\/types\/post"}],"author":[{"embeddable":true,"href":"https:\/\/news.truckpad.com.br\/index.php?rest_route=\/wp\/v2\/users\/17"}],"replies":[{"embeddable":true,"href":"https:\/\/news.truckpad.com.br\/index.php?rest_route=%2Fwp%2Fv2%2Fcomments&post=4051"}],"version-history":[{"count":0,"href":"https:\/\/news.truckpad.com.br\/index.php?rest_route=\/wp\/v2\/posts\/4051\/revisions"}],"wp:featuredmedia":[{"embeddable":true,"href":"https:\/\/news.truckpad.com.br\/index.php?rest_route=\/wp\/v2\/media\/4053"}],"wp:attachment":[{"href":"https:\/\/news.truckpad.com.br\/index.php?rest_route=%2Fwp%2Fv2%2Fmedia&parent=4051"}],"wp:term":[{"taxonomy":"category","embeddable":true,"href":"https:\/\/news.truckpad.com.br\/index.php?rest_route=%2Fwp%2Fv2%2Fcategories&post=4051"},{"taxonomy":"post_tag","embeddable":true,"href":"https:\/\/news.truckpad.com.br\/index.php?rest_route=%2Fwp%2Fv2%2Ftags&post=4051"}],"curies":[{"name":"wp","href":"https:\/\/api.w.org\/{rel}","templated":true}]}}