{"id":4065,"date":"2019-04-03T19:37:18","date_gmt":"2019-04-03T22:37:18","guid":{"rendered":"https:\/\/news.truckpad.com.br\/?p=4065"},"modified":"2019-04-03T19:37:18","modified_gmt":"2019-04-03T22:37:18","slug":"mercedes-benz-realiza-desejo-das-motoristas-pelo-movimento-a-voz-delas","status":"publish","type":"post","link":"https:\/\/news.truckpad.com.br\/?p=4065","title":{"rendered":"Mercedes-Benz realiza desejo das motoristas  pelo movimento \u201cA Voz Delas\u201d"},"content":{"rendered":"<p><b>Esse pedido foi feito ao Embaixador da Voz das Estradas durante suas viagens na regi\u00e3o<\/b><\/p>\n<p style=\"font-weight: 400;\">A vida de quem transporta cargas pelo Brasil afora \u00e9 cheia de desafios e surpresas, fazendo desse cotidiano uma dura miss\u00e3o. Essa realidade ganha contornos ainda maiores para as mulheres, sejam elas motoristas ou esposas dos profissionais, que fazem do caminh\u00e3o e da estrada uma extens\u00e3o do seu lar.<\/p>\n<p style=\"font-weight: 400;\">A Mercedes-Benz resolveu conhecer um pouco mais essa rotina para encontrar formas de contribuir para a melhoria da qualidade de vida na estrada para as mulheres, o que acaba trazendo benef\u00edcios para todos. Veio da\u00ed a cria\u00e7\u00e3o do movimento \u201cA Voz Delas\u201d, que visa mobilizar o maior n\u00famero de pessoas, empresas e entidades para que as ideias das motoristas sejam colocadas em pr\u00e1tica. Nesse sentido, o \u201cEmbaixador da Voz das Estradas\u201d, Jo\u00e3o Moita \u2013 inspirado no mote \u201cAs estradas falam. A Mercedes-Benz ouve\u201d \u2013, foi conversar diretamente com elas para conhecer o que gostariam que melhorasse no seu dia a dia, como, por exemplo, as condi\u00e7\u00f5es das estradas brasileiras, banheiros femininos, entre outros.<\/p>\n<p style=\"font-weight: 400;\">Ap\u00f3s ouvir diversas mulheres, a Mercedes-Benz se juntou ao Posto Abobr\u00e3o Rio Doce, da cidade de Cachoeira Alta, interior de Goi\u00e1s, para reformar o banheiro feminino desse movimentado ponto de parada da BR 364, km 113, rodovia conhecida pelo escoamento de produ\u00e7\u00e3o do Norte e do Centro-Oeste para outras regi\u00f5es do Pa\u00eds.<\/p>\n<p style=\"font-weight: 400;\">O banheiro foi totalmente reformado, recebendo novo piso, azulejos, pias e boxes de chuveiro, al\u00e9m de espelhos, cadeiras e plantas, tornando o ambiente muito mais agrad\u00e1vel. \u201cQuando a Mercedes-Benz nos procurou com esse projeto, aceitamos na hora\u201d, afirma Murillo de Paula Assis, propriet\u00e1rio do Posto Abobr\u00e3o Rio Doce. Al\u00e9m de reformar o banheiro feminino, a marca tamb\u00e9m teve a iniciativa de reformar o banheiro masculino e de construir uma lavanderia para facilitar o dia a dia dos profissionais que vivem nas estradas.<\/p>\n<p style=\"font-weight: 400;\">\u201cEssa iniciativa \u00e9 mais um passo em dire\u00e7\u00e3o ao movimento \u2018A Voz Delas\u2019. Com essa a\u00e7\u00e3o, queremos inspirar e convidar o maior n\u00famero de pessoas, postos e empresas para que contribuam de forma efetiva para melhorar o bem-estar das mulheres e de todos que vivem nas estradas\u201d, diz Ari de Carvalho, diretor de Vendas e Marketing Caminh\u00f5es da Mercedes-Benz do Brasil.<\/p>\n<p style=\"font-weight: 400;\">O movimento \u201cA Voz Delas\u201d conta com um\u00a0<a href=\"https:\/\/avozdelas.com.br\/\" data-saferedirecturl=\"https:\/\/www.google.com\/url?q=https:\/\/avozdelas.com.br\/&amp;source=gmail&amp;ust=1554416834660000&amp;usg=AFQjCNG2sxNQAAPJvJeZ-WpyBeKMtyeriQ\"><strong>hotsite<\/strong><\/a>\u00a0para que as mulheres expressem suas opini\u00f5es e mandem sugest\u00f5es, al\u00e9m de interagirem e encontrarem dicas importantes para o seu dia a dia. A plataforma digital tamb\u00e9m serve para que futuros parceiros conhe\u00e7am e participem do movimento \u201cA Voz Delas\u201d junto com a Mercedes-Benz.<\/p>\n<p><strong>Assista o V\u00eddeo;<\/strong><\/p>\n<p><iframe loading=\"lazy\" title=\"Mercedes-Benz Caminh\u00f5es | A Voz Delas\" width=\"474\" height=\"267\" src=\"https:\/\/www.youtube.com\/embed\/ifsjHNGI2uI?feature=oembed\" frameborder=\"0\" allow=\"accelerometer; autoplay; clipboard-write; encrypted-media; gyroscope; picture-in-picture; web-share\" referrerpolicy=\"strict-origin-when-cross-origin\" allowfullscreen><\/iframe><\/p>\n<p>&nbsp;<\/p>\n","protected":false},"excerpt":{"rendered":"<p>Esse pedido foi feito ao Embaixador da Voz das Estradas durante suas viagens na regi\u00e3o A vida de quem transporta cargas pelo Brasil afora \u00e9 cheia de desafios e surpresas, fazendo desse cotidiano uma dura miss\u00e3o. Essa realidade ganha contornos ainda maiores para as mulheres, sejam elas motoristas ou esposas dos profissionais, que fazem do &hellip; <a href=\"https:\/\/news.truckpad.com.br\/?p=4065\" class=\"more-link\">Continue lendo <span class=\"screen-reader-text\">Mercedes-Benz realiza desejo das motoristas  pelo movimento \u201cA Voz Delas\u201d<\/span> <span class=\"meta-nav\">&rarr;<\/span><\/a><\/p>\n","protected":false},"author":17,"featured_media":4067,"comment_status":"open","ping_status":"open","sticky":false,"template":"","format":"standard","meta":{"footnotes":""},"categories":[5,1114],"tags":[1354,26,877],"class_list":["post-4065","post","type-post","status-publish","format-standard","has-post-thumbnail","hentry","category-estradas","category-mercedes","tag-a-voz-delas","tag-mercedes-benz","tag-projeto"],"_links":{"self":[{"href":"https:\/\/news.truckpad.com.br\/index.php?rest_route=\/wp\/v2\/posts\/4065","targetHints":{"allow":["GET"]}}],"collection":[{"href":"https:\/\/news.truckpad.com.br\/index.php?rest_route=\/wp\/v2\/posts"}],"about":[{"href":"https:\/\/news.truckpad.com.br\/index.php?rest_route=\/wp\/v2\/types\/post"}],"author":[{"embeddable":true,"href":"https:\/\/news.truckpad.com.br\/index.php?rest_route=\/wp\/v2\/users\/17"}],"replies":[{"embeddable":true,"href":"https:\/\/news.truckpad.com.br\/index.php?rest_route=%2Fwp%2Fv2%2Fcomments&post=4065"}],"version-history":[{"count":0,"href":"https:\/\/news.truckpad.com.br\/index.php?rest_route=\/wp\/v2\/posts\/4065\/revisions"}],"wp:featuredmedia":[{"embeddable":true,"href":"https:\/\/news.truckpad.com.br\/index.php?rest_route=\/wp\/v2\/media\/4067"}],"wp:attachment":[{"href":"https:\/\/news.truckpad.com.br\/index.php?rest_route=%2Fwp%2Fv2%2Fmedia&parent=4065"}],"wp:term":[{"taxonomy":"category","embeddable":true,"href":"https:\/\/news.truckpad.com.br\/index.php?rest_route=%2Fwp%2Fv2%2Fcategories&post=4065"},{"taxonomy":"post_tag","embeddable":true,"href":"https:\/\/news.truckpad.com.br\/index.php?rest_route=%2Fwp%2Fv2%2Ftags&post=4065"}],"curies":[{"name":"wp","href":"https:\/\/api.w.org\/{rel}","templated":true}]}}