{"id":4072,"date":"2019-04-04T17:55:25","date_gmt":"2019-04-04T20:55:25","guid":{"rendered":"https:\/\/news.truckpad.com.br\/?p=4072"},"modified":"2019-04-04T17:55:26","modified_gmt":"2019-04-04T20:55:26","slug":"governo-federal-vai-acabar-com-atravessadores-dos-fretes-diz-ministro","status":"publish","type":"post","link":"https:\/\/news.truckpad.com.br\/?p=4072","title":{"rendered":"Governo federal vai acabar com atravessadores dos fretes, diz ministro"},"content":{"rendered":"\n<p class=\"wp-block-paragraph\">O ministro Tarc\u00edsio Gomes de Freitas participou de audi\u00eancia na Comiss\u00e3o de Via\u00e7\u00e3o e Transportes da C\u00e2mara dos Deputados, nesta quarta-feira (03). Durante mais de 5 horas, o ministro apresentou os principais projetos e a\u00e7\u00f5es do Minist\u00e9rio da Infraestrutura, prestou contas e respondeu aos questionamentos dos parlamentares.<\/p>\n\n\n\n<p class=\"wp-block-paragraph\">Durante a audi\u00eancia, Tarc\u00edsio destacou a import\u00e2ncia de desburocratizar o setor de transportes rodovi\u00e1rios para os caminhoneiros. Uma das medidas, que j\u00e1 est\u00e1 em estudo, \u00e9 o lan\u00e7amento de um documento \u00fanico de transporte eletr\u00f4nico, inicialmente no estado do Esp\u00edrito Santo, que vai retirar os atravessadores do processo do frete de cargas. A inten\u00e7\u00e3o \u00e9 diminuir a atividade do atravessador, que, segundo Freitas, fica com o dinheiro do frete do transporte de cargas.<\/p>\n\n\n\n<p class=\"wp-block-paragraph\">\u201c\u00c9 muita burocracia, e por isso estamos unificando esses documentos em um s\u00f3, um documento de transporte eletr\u00f4nico, para tornar a vida do caminhoneiro mais f\u00e1cil e tirar o atravessador do processo. Portanto, a nossa ideia \u00e9 reduzir os atravessadores, usar a tecnologia de informa\u00e7\u00e3o para conectar o transportador com o embarcador, acabar com os intermedi\u00e1rios no processo\u201d.<\/p>\n\n\n\n<p class=\"wp-block-paragraph\">Sobre as rodovias, o ministro priorizou a pavimenta\u00e7\u00e3o dos trechos restantes da BR-163 e posterior concess\u00e3o, mesmo com o contingenciamento de recursos. \u201cEla vai ser preservada. H\u00e1 um consenso dentro do governo que \u00e9 fundamental. Estamos firmes na meta de concluir a pavimenta\u00e7\u00e3o at\u00e9 Miritituba neste ano\u201d, avaliou.<\/p>\n\n\n\n<p class=\"wp-block-paragraph\">Ele tamb\u00e9m pontuou aos deputados a quest\u00e3o do licenciamento ambiental da BR-319\/AM, que liga as cidades de Manaus (AM) e Porto Velho (RO). \u201cEstamos completamente focados em iniciar a pavimenta\u00e7\u00e3o para diminuir o sofrimento daqueles que precisam utilizar a rodovia. \u00c9 absurdo a pessoa ficar 3 ou 4 dias no atoleiro porque n\u00e3o tem asfalto\u201d, enfatizou.<\/p>\n\n\n\n<p class=\"wp-block-paragraph\">Segundo Tarc\u00edsio, o governo tamb\u00e9m pretende reduzir a burocracia e os custos para os trabalhadores do setor e para a popula\u00e7\u00e3o em geral. Ele destacou que n\u00e3o h\u00e1 evid\u00eancia t\u00e9cnica que o uso do simulador veicular agrega ganhos em termos de \u00edndices de acidentes.<\/p>\n\n\n\n<p class=\"wp-block-paragraph\">De acordo com o ministro, um piloto da For\u00e7a A\u00e9rea Brasileira n\u00e3o precisa passar por teste com simulador de voo para exercer a profiss\u00e3o. Por isso, o equipamento n\u00e3o \u00e9 necess\u00e1rio para os aspirantes a condutores de autom\u00f3veis. \u201cN\u00e3o h\u00e1 evid\u00eancia t\u00e9cnica que o uso do simulador agrega ganhos em termos de \u00edndices de acidentes. A gente quer corrigir isso tecnicamente e vai ter espa\u00e7o para debate. A desburocratiza\u00e7\u00e3o n\u00e3o vai significar precariza\u00e7\u00e3o da forma\u00e7\u00e3o do condutor\u201d, destacou.<\/p>\n","protected":false},"excerpt":{"rendered":"<p>O ministro Tarc\u00edsio Gomes de Freitas participou de audi\u00eancia na Comiss\u00e3o de Via\u00e7\u00e3o e Transportes da C\u00e2mara dos Deputados, nesta quarta-feira (03). Durante mais de 5 horas, o ministro apresentou os principais projetos e a\u00e7\u00f5es do Minist\u00e9rio da Infraestrutura, prestou contas e respondeu aos questionamentos dos parlamentares. Durante a audi\u00eancia, Tarc\u00edsio destacou a import\u00e2ncia de &hellip; <a href=\"https:\/\/news.truckpad.com.br\/?p=4072\" class=\"more-link\">Continue lendo <span class=\"screen-reader-text\">Governo federal vai acabar com atravessadores dos fretes, diz ministro<\/span> <span class=\"meta-nav\">&rarr;<\/span><\/a><\/p>\n","protected":false},"author":17,"featured_media":4074,"comment_status":"open","ping_status":"open","sticky":false,"template":"","format":"standard","meta":{"footnotes":""},"categories":[69,3],"tags":[641,1395,1234,1276,991],"class_list":["post-4072","post","type-post","status-publish","format-standard","has-post-thumbnail","hentry","category-direitos","category-noticia","tag-caminhoneiros","tag-fim-dos-agenciadores","tag-governo-federal","tag-ministro","tag-sem-atravessadores"],"_links":{"self":[{"href":"https:\/\/news.truckpad.com.br\/index.php?rest_route=\/wp\/v2\/posts\/4072","targetHints":{"allow":["GET"]}}],"collection":[{"href":"https:\/\/news.truckpad.com.br\/index.php?rest_route=\/wp\/v2\/posts"}],"about":[{"href":"https:\/\/news.truckpad.com.br\/index.php?rest_route=\/wp\/v2\/types\/post"}],"author":[{"embeddable":true,"href":"https:\/\/news.truckpad.com.br\/index.php?rest_route=\/wp\/v2\/users\/17"}],"replies":[{"embeddable":true,"href":"https:\/\/news.truckpad.com.br\/index.php?rest_route=%2Fwp%2Fv2%2Fcomments&post=4072"}],"version-history":[{"count":0,"href":"https:\/\/news.truckpad.com.br\/index.php?rest_route=\/wp\/v2\/posts\/4072\/revisions"}],"wp:featuredmedia":[{"embeddable":true,"href":"https:\/\/news.truckpad.com.br\/index.php?rest_route=\/wp\/v2\/media\/4074"}],"wp:attachment":[{"href":"https:\/\/news.truckpad.com.br\/index.php?rest_route=%2Fwp%2Fv2%2Fmedia&parent=4072"}],"wp:term":[{"taxonomy":"category","embeddable":true,"href":"https:\/\/news.truckpad.com.br\/index.php?rest_route=%2Fwp%2Fv2%2Fcategories&post=4072"},{"taxonomy":"post_tag","embeddable":true,"href":"https:\/\/news.truckpad.com.br\/index.php?rest_route=%2Fwp%2Fv2%2Ftags&post=4072"}],"curies":[{"name":"wp","href":"https:\/\/api.w.org\/{rel}","templated":true}]}}