{"id":698,"date":"2016-11-18T06:36:23","date_gmt":"2016-11-18T09:36:23","guid":{"rendered":"http:\/\/newstruckpad.wpengine.com\/?p=698"},"modified":"2016-11-18T06:36:23","modified_gmt":"2016-11-18T09:36:23","slug":"caminhoes-terao-restricao-para-rodar-em-feriados-de-2017","status":"publish","type":"post","link":"https:\/\/news.truckpad.com.br\/?p=698","title":{"rendered":"Caminh\u00f5es ter\u00e3o restri\u00e7\u00e3o para rodar em feriados de 2017"},"content":{"rendered":"<p>Caminh\u00f5es ter\u00e3o de obedecer restri\u00e7\u00f5es definidas pela Pol\u00edcia Rodovi\u00e1ria Federal durante os feriados de 2017. O \u00f3rg\u00e3o determinou os dias e hor\u00e1rios em que ve\u00edculos pesados ficam impedidos de circular em trechos de rodovias de pista simples. A medida quer prevenir acidentes, j\u00e1 que nessas datas milhares de brasileiros pegam a estrada. A defini\u00e7\u00e3o foi publicada no Di\u00e1rio Oficial da Uni\u00e3o desta quinta-feira.<\/p>\n<p>A determina\u00e7\u00e3o abrange feriados como Carnaval, Semana Santa, Tiradentes, Corpus Christi e Independ\u00eancia do Brasil. A norma vale para todo o pa\u00eds. Mas no Carnaval e no Ano Novo, os caminh\u00f5es v\u00e3o poder circular em Rond\u00f4nia e no Acre.<\/p>\n<p>Na \u00e9poca das Festas Juninas, as restri\u00e7\u00f5es valem apenas para os estados da Bahia, Para\u00edba, Pernambuco e Rio Grande do Norte.<\/p>\n<p>Est\u00e3o fora da proibi\u00e7\u00e3o as combina\u00e7\u00f5es de ve\u00edculos com at\u00e9 duas unidades \u2013 um caminh\u00e3o-trator e um semirreboque ou um caminh\u00e3o e um reboque \u2013 desde que n\u00e3o ultrapassem as dimens\u00f5es regulamentadas pelo Conselho Nacional de Tr\u00e2nsito.<\/p>\n<p>Mas, no per\u00edodo do carnaval, nos estados do Rio de Janeiro e Maranh\u00e3o, a restri\u00e7\u00e3o abrange todas as combina\u00e7\u00f5es e haver\u00e1 hor\u00e1rio especial em alguns trechos.<\/p>\n<p>O descumprimento da medida constitui infra\u00e7\u00e3o de tr\u00e2nsito. Quem for pego trafegando em momentos proibidos, ser\u00e1 autuado e s\u00f3 poder\u00e1 seguir viagem quando terminar o hor\u00e1rio da restri\u00e7\u00e3o.<\/p>\n<p>Fonte: <a href=\"http:\/\/blogdocaminhoneiro.com\/2016\/11\/caminhoes-terao-restricao-para-rodar-em-feriados-de-2017\/\">Blog do Caminhoneiro<\/a><\/p>\n","protected":false},"excerpt":{"rendered":"<p>Caminh\u00f5es ter\u00e3o de obedecer restri\u00e7\u00f5es definidas pela Pol\u00edcia Rodovi\u00e1ria Federal durante os feriados de 2017. O \u00f3rg\u00e3o determinou os dias e hor\u00e1rios em que ve\u00edculos pesados ficam impedidos de circular em trechos de rodovias de pista simples. A medida quer prevenir acidentes, j\u00e1 que nessas datas milhares de brasileiros pegam a estrada. A defini\u00e7\u00e3o foi &hellip; <a href=\"https:\/\/news.truckpad.com.br\/?p=698\" class=\"more-link\">Continue lendo <span class=\"screen-reader-text\">Caminh\u00f5es ter\u00e3o restri\u00e7\u00e3o para rodar em feriados de 2017<\/span> <span class=\"meta-nav\">&rarr;<\/span><\/a><\/p>\n","protected":false},"author":2,"featured_media":699,"comment_status":"open","ping_status":"open","sticky":false,"template":"","format":"standard","meta":{"footnotes":""},"categories":[4,5,3],"tags":[514,513],"class_list":["post-698","post","type-post","status-publish","format-standard","has-post-thumbnail","hentry","category-caminhoes","category-estradas","category-noticia","tag-feriados-2017","tag-restricao-de-circulacao"],"_links":{"self":[{"href":"https:\/\/news.truckpad.com.br\/index.php?rest_route=\/wp\/v2\/posts\/698","targetHints":{"allow":["GET"]}}],"collection":[{"href":"https:\/\/news.truckpad.com.br\/index.php?rest_route=\/wp\/v2\/posts"}],"about":[{"href":"https:\/\/news.truckpad.com.br\/index.php?rest_route=\/wp\/v2\/types\/post"}],"author":[{"embeddable":true,"href":"https:\/\/news.truckpad.com.br\/index.php?rest_route=\/wp\/v2\/users\/2"}],"replies":[{"embeddable":true,"href":"https:\/\/news.truckpad.com.br\/index.php?rest_route=%2Fwp%2Fv2%2Fcomments&post=698"}],"version-history":[{"count":0,"href":"https:\/\/news.truckpad.com.br\/index.php?rest_route=\/wp\/v2\/posts\/698\/revisions"}],"wp:featuredmedia":[{"embeddable":true,"href":"https:\/\/news.truckpad.com.br\/index.php?rest_route=\/wp\/v2\/media\/699"}],"wp:attachment":[{"href":"https:\/\/news.truckpad.com.br\/index.php?rest_route=%2Fwp%2Fv2%2Fmedia&parent=698"}],"wp:term":[{"taxonomy":"category","embeddable":true,"href":"https:\/\/news.truckpad.com.br\/index.php?rest_route=%2Fwp%2Fv2%2Fcategories&post=698"},{"taxonomy":"post_tag","embeddable":true,"href":"https:\/\/news.truckpad.com.br\/index.php?rest_route=%2Fwp%2Fv2%2Ftags&post=698"}],"curies":[{"name":"wp","href":"https:\/\/api.w.org\/{rel}","templated":true}]}}