{"id":795,"date":"2016-12-08T06:41:33","date_gmt":"2016-12-08T09:41:33","guid":{"rendered":"http:\/\/newstruckpad.wpengine.com\/?p=795"},"modified":"2016-12-08T06:41:33","modified_gmt":"2016-12-08T09:41:33","slug":"tabelamento-do-frete-e-aprovado-por-unanimidade-na-camara","status":"publish","type":"post","link":"https:\/\/news.truckpad.com.br\/?p=795","title":{"rendered":"Tabelamento do frete \u00e9 aprovado por unanimidade na C\u00e2mara"},"content":{"rendered":"<p>A Comiss\u00e3o de Via\u00e7\u00e3o e Transportes da C\u00e2mara dos Deputados aprovou por unanimidade o projeto de lei 528\/2015, do Deputado Assis do Couto, que cria a pol\u00edtica de pre\u00e7os m\u00ednimos do frete. Esse projeto foi comemorado por transportadores que estiveram presentes na reuni\u00e3o da comiss\u00e3o na manh\u00e3 de hoje.<\/p>\n<p>Na \u00faltima semana, caminhoneiros fizeram greves em v\u00e1rias regi\u00f5es do pa\u00eds pedindo a aprova\u00e7\u00e3o do projeto. Caso o projeto n\u00e3o fosse aprovado hoje, novas manifesta\u00e7\u00f5es seriam feitas. A Pol\u00edtica de Pre\u00e7os M\u00ednimos do Transporte\u00a0Rodovi\u00e1rio de Cargas \u00e9 considerada como a salva\u00e7\u00e3o do transporte rodovi\u00e1rio de cargas, visto que os valores de fretes praticados hoje est\u00e3o defasados em cerca de 30%.<\/p>\n<p>O projeto considera a atualiza\u00e7\u00e3o dos valores do frete a cada semestre, baseados nos pre\u00e7os do diesel, infla\u00e7\u00e3o e outros custos inerentes ao transporte. At\u00e9 que um estudo completo seja feito, os valores a serem pagos dever\u00e3o ser de R$ 0,70 por quil\u00f4metro rodado para cargas a granel e neogranel ( formada por conglomerados homog\u00eaneos de mercadorias, de carga geral, sem acondicionamento espec\u00edfico, cujo volume ou quantidade possibilite o transporte em lotes,\u00a0em um \u00fanico embarque), R$ 0,90 para cargas de frigorificados e carga perigosa por km rodado. Esses valores s\u00e3o para cada eixo do ve\u00edculo.<\/p>\n<div id=\"blogd-786105496\" class=\"blogd-conteudo-do-post\"><\/div>\n<p>Em frete considerados curtos, de menos de 800 quil\u00f4metros, o valor pago dever\u00e1 ser acrescido de 15% sobre os valores anteriores.<\/p>\n<p>A lei ainda obriga o governo \u00e0 contratar cooperativas de transportes, priorizando caminhoneiros aut\u00f4nomos, para o transporte de produtos como milho da Conab e outros.<\/p>\n<p>A integra da <a href=\"http:\/\/www.camara.gov.br\/proposicoesWeb\/prop_mostrarintegra?codteor=1304982&amp;filename=PL+528\/2015\"><em>proposta pode ser lida aqui<\/em><\/a>.<\/p>\n<p><a href=\"http:\/\/blogdocaminhoneiro.com\/2016\/12\/tabelamento-do-frete-e-aprovado-por-unanimidade-na-camara\/#\"><em>Blog do Caminhoneiro<\/em><\/a><\/p>\n","protected":false},"excerpt":{"rendered":"<p>A Comiss\u00e3o de Via\u00e7\u00e3o e Transportes da C\u00e2mara dos Deputados aprovou por unanimidade o projeto de lei 528\/2015, do Deputado Assis do Couto, que cria a pol\u00edtica de pre\u00e7os m\u00ednimos do frete. Esse projeto foi comemorado por transportadores que estiveram presentes na reuni\u00e3o da comiss\u00e3o na manh\u00e3 de hoje. Na \u00faltima semana, caminhoneiros fizeram greves &hellip; <a href=\"https:\/\/news.truckpad.com.br\/?p=795\" class=\"more-link\">Continue lendo <span class=\"screen-reader-text\">Tabelamento do frete \u00e9 aprovado por unanimidade na C\u00e2mara<\/span> <span class=\"meta-nav\">&rarr;<\/span><\/a><\/p>\n","protected":false},"author":2,"featured_media":796,"comment_status":"open","ping_status":"open","sticky":false,"template":"","format":"standard","meta":{"footnotes":""},"categories":[4,7,3],"tags":[13,580],"class_list":["post-795","post","type-post","status-publish","format-standard","has-post-thumbnail","hentry","category-caminhoes","category-legislacao","category-noticia","tag-lei","tag-tabelamento-de-frete"],"_links":{"self":[{"href":"https:\/\/news.truckpad.com.br\/index.php?rest_route=\/wp\/v2\/posts\/795","targetHints":{"allow":["GET"]}}],"collection":[{"href":"https:\/\/news.truckpad.com.br\/index.php?rest_route=\/wp\/v2\/posts"}],"about":[{"href":"https:\/\/news.truckpad.com.br\/index.php?rest_route=\/wp\/v2\/types\/post"}],"author":[{"embeddable":true,"href":"https:\/\/news.truckpad.com.br\/index.php?rest_route=\/wp\/v2\/users\/2"}],"replies":[{"embeddable":true,"href":"https:\/\/news.truckpad.com.br\/index.php?rest_route=%2Fwp%2Fv2%2Fcomments&post=795"}],"version-history":[{"count":0,"href":"https:\/\/news.truckpad.com.br\/index.php?rest_route=\/wp\/v2\/posts\/795\/revisions"}],"wp:featuredmedia":[{"embeddable":true,"href":"https:\/\/news.truckpad.com.br\/index.php?rest_route=\/wp\/v2\/media\/796"}],"wp:attachment":[{"href":"https:\/\/news.truckpad.com.br\/index.php?rest_route=%2Fwp%2Fv2%2Fmedia&parent=795"}],"wp:term":[{"taxonomy":"category","embeddable":true,"href":"https:\/\/news.truckpad.com.br\/index.php?rest_route=%2Fwp%2Fv2%2Fcategories&post=795"},{"taxonomy":"post_tag","embeddable":true,"href":"https:\/\/news.truckpad.com.br\/index.php?rest_route=%2Fwp%2Fv2%2Ftags&post=795"}],"curies":[{"name":"wp","href":"https:\/\/api.w.org\/{rel}","templated":true}]}}